{"id":97877,"date":"2012-11-03T11:13:58","date_gmt":"2012-11-03T10:13:58","guid":{"rendered":"http:\/\/www.pcnen.com\/portal\/?p=97877"},"modified":"2012-11-03T12:22:53","modified_gmt":"2012-11-03T11:22:53","slug":"sestra-mila-dukanovica-najavila-tuzbe-protiv-tri-medija","status":"publish","type":"post","link":"https:\/\/www.pcnen.com\/portal\/2012\/11\/03\/sestra-mila-dukanovica-najavila-tuzbe-protiv-tri-medija\/","title":{"rendered":"Sestra Mila \u0110ukanovi\u0107a najavila tu\u017ebe protiv tri medija"},"content":{"rendered":"<p><a href=\"http:\/\/www.pcnen.com\/portal\/wp-content\/uploads\/2012\/11\/Ana-Kolarevic.jpg\"><img loading=\"lazy\" decoding=\"async\" class=\"alignleft size-medium wp-image-97902\" title=\"Ana Kolarevic\" src=\"http:\/\/www.pcnen.com\/portal\/wp-content\/uploads\/2012\/11\/Ana-Kolarevic-300x219.jpg\" alt=\"\" width=\"300\" height=\"219\" \/><\/a>Podgori\u010dka advokatica Ana Kolarevi\u0107 najavila je tu\u017ebe protiv redakcija dnevnih listova Vijesti i Dan i nedjeljnika Monitor zbog, kako je objasnila, kleveta protiv nje, a posebno u vezi sa navodnim nelegalnim u\u010de\u0161\u0107em u p<a title=\"Ana Kolarevi\u0107 radila za Telekom preko \u2018Sigme\u2019\" href=\"http:\/\/www.pcnen.com\/portal\/2012\/01\/26\/ana-kolarevic-radila-za-telekom-preko-sigme\/\">ostupku privatizacije Telekoma Crne Gore<\/a>.<\/p>\n<p>Kolarevi\u0107 je u intervjuu podgori\u010dkoj televiziji Atlas rekla da \u0107e idu\u0107e sedmice predati tu\u017ebe protiv tih medija kojima je &#8220;interesantna samo zbog toga \u0161to je sestra biv\u0161eg predsjednika i premijera\u201d Crne Gore Mila \u0110ukanovi\u0107a.<\/p>\n<p>&#8220;Ti mediji su se udru\u017eili kao kriminalna organizacija, s ciljem &#8216;hajde da blatimo sestru Mila \u0110ukanovi\u0107a'&#8221;, rekla je Ana Kolarevi\u0107.<\/p>\n<p>Ona je kazala da je &#8220;sve la\u017e&#8221; \u0161to su mediji pisali o njoj i njenom navodnom uticaju na privatizaciju Telekoma Crne Gore i jo\u0161 nekih firmi, i izrazila &#8220;zapanjenost&#8221; zbog toga \u0161to nadle\u017eni organi ne pozivaju na odgovornost medije kad iznose takve neistine.<\/p>\n<p>Ona je potvrdila da je prihvatila advokatski angan\u017eman u vezi sa zahtjevom potomaka srpske i jugoslovenske kraljevske porodice Kara\u0111or\u0111evi\u0107 da im Crna Gora vrati imovinu u toj dr\u017eavi za koju smatraju da im pripada.<\/p>\n<p>Ana Kolarevi\u0107 je objasnila da to ne \u010dini radi novca, ve\u0107 &#8220;s motivom da poka\u017ee da je Crna Gora dr\u017eava vladavine prava&#8221;, prenosi RSE.<\/p>\n<p>Ona je istakla da Kara\u0111or\u0111evi\u0107i &#8220;ne \u017eele da otmu&#8221; imovinu Crnoj Gori, nego da im se ili vrati ili da ih dr\u017eava Crna Gora obe\u0161teti.<\/p>\n","protected":false},"excerpt":{"rendered":"<p>Podgori\u010dka advokatica Ana Kolarevi\u0107 najavila je tu\u017ebe protiv redakcija dnevnih listova Vijesti i Dan i nedjeljnika Monitor zbog, kako je objasnila, kleveta protiv nje, a posebno u vezi sa navodnim nelegalnim u\u010de\u0161\u0107em u postupku privatizacije Telekoma Crne Gore. Kolarevi\u0107 je u intervjuu podgori\u010dkoj televiziji Atlas rekla da \u0107e idu\u0107e sedmice predati tu\u017ebe protiv tih medija [&hellip;]<\/p>\n","protected":false},"author":1,"featured_media":97902,"comment_status":"open","ping_status":"closed","sticky":false,"template":"","format":"standard","meta":{"_seopress_robots_primary_cat":"","_seopress_titles_title":"","_seopress_titles_desc":"","_seopress_robots_index":"","_et_pb_use_builder":"","_et_pb_old_content":"","_et_gb_content_width":"","inline_featured_image":false,"footnotes":""},"categories":[14,12],"tags":[],"class_list":["post-97877","post","type-post","status-publish","format-standard","has-post-thumbnail","hentry","category-vijesti","category-prica-dana"],"_links":{"self":[{"href":"https:\/\/www.pcnen.com\/portal\/wp-json\/wp\/v2\/posts\/97877","targetHints":{"allow":["GET"]}}],"collection":[{"href":"https:\/\/www.pcnen.com\/portal\/wp-json\/wp\/v2\/posts"}],"about":[{"href":"https:\/\/www.pcnen.com\/portal\/wp-json\/wp\/v2\/types\/post"}],"author":[{"embeddable":true,"href":"https:\/\/www.pcnen.com\/portal\/wp-json\/wp\/v2\/users\/1"}],"replies":[{"embeddable":true,"href":"https:\/\/www.pcnen.com\/portal\/wp-json\/wp\/v2\/comments?post=97877"}],"version-history":[{"count":0,"href":"https:\/\/www.pcnen.com\/portal\/wp-json\/wp\/v2\/posts\/97877\/revisions"}],"wp:featuredmedia":[{"embeddable":true,"href":"https:\/\/www.pcnen.com\/portal\/wp-json\/wp\/v2\/media\/97902"}],"wp:attachment":[{"href":"https:\/\/www.pcnen.com\/portal\/wp-json\/wp\/v2\/media?parent=97877"}],"wp:term":[{"taxonomy":"category","embeddable":true,"href":"https:\/\/www.pcnen.com\/portal\/wp-json\/wp\/v2\/categories?post=97877"},{"taxonomy":"post_tag","embeddable":true,"href":"https:\/\/www.pcnen.com\/portal\/wp-json\/wp\/v2\/tags?post=97877"}],"curies":[{"name":"wp","href":"https:\/\/api.w.org\/{rel}","templated":true}]}}