{"id":97795,"date":"2012-11-02T19:05:12","date_gmt":"2012-11-02T18:05:12","guid":{"rendered":"http:\/\/www.pcnen.com\/portal\/?p=97795"},"modified":"2012-11-02T19:05:12","modified_gmt":"2012-11-02T18:05:12","slug":"kavaric-rs-i-srbija-ce-dostaviti-dokumentaciju-u-vezi-he","status":"publish","type":"post","link":"https:\/\/www.pcnen.com\/portal\/2012\/11\/02\/kavaric-rs-i-srbija-ce-dostaviti-dokumentaciju-u-vezi-he\/","title":{"rendered":"Kavari\u0107: RS i Srbija \u0107e dostaviti dokumentaciju u vezi HE"},"content":{"rendered":"<p>Crna Gora se dogovorila sa Srbijom i Republikom Srpskom da joj dostave dokumentaciju o za\u0161titi \u017eivotne sredine u vezi sa<a title=\"D\u017eombi\u0107: Hidrocentrale na Drini ne ugro\u017eavaju CG\" href=\"http:\/\/www.pcnen.com\/portal\/2012\/09\/30\/dzombic-hidrocentrale-na-drini-ne-ugrozavaju-cg\/\"> izgradnjom hidroelektran<\/a>a koje mogu <a title=\"CG: Diplomatska nota Srbiji zbog HE na Limu\" href=\"http:\/\/www.pcnen.com\/portal\/2012\/10\/07\/cg-diplomatska-nota-srbiji-zbog-he-na-limu\/\">ugroziti dio crnogorske teritorije<\/a>, saop\u0161tio je ministar ekonomije Vladimir Kavari\u0107.<\/p>\n<p>Kavaric je, na sastanku u Beogradu sa ministrima energetike Srbije i Republike Srpske, Zoranom Mihajlovi\u0107 i Zeljkom Kova\u010devi\u0107em, najavio da \u0107e biti osnovana mjesovita radna grupa, &#8221; kako bi svi bili upu\u0107eni u projekte od zajedni\u010dkoj zna\u010daja \u201c.<\/p>\n<p>\u201cDogovorili smo se da se aspolutno ne\u0107e raditi nijedan projekat dok se sve zemlje ne usaglase. Ni u jednoj zemlji ne mogu da se rade projekti a da se na za\u0161titi interes druge strane &#8220;, kazao je Kavari\u0107, javila je agencija Mina .<\/p>\n","protected":false},"excerpt":{"rendered":"<p>Crna Gora se dogovorila sa Srbijom i Republikom Srpskom da joj dostave dokumentaciju o za\u0161titi \u017eivotne sredine u vezi sa izgradnjom hidroelektrana koje mogu ugroziti dio crnogorske teritorije, saop\u0161tio je ministar ekonomije Vladimir Kavari\u0107. Kavaric je, na sastanku u Beogradu sa ministrima energetike Srbije i Republike Srpske, Zoranom Mihajlovi\u0107 i Zeljkom Kova\u010devi\u0107em, najavio da \u0107e [&hellip;]<\/p>\n","protected":false},"author":1,"featured_media":0,"comment_status":"open","ping_status":"closed","sticky":false,"template":"","format":"standard","meta":{"_seopress_robots_primary_cat":"","_seopress_titles_title":"","_seopress_titles_desc":"","_seopress_robots_index":"","_et_pb_use_builder":"","_et_pb_old_content":"","_et_gb_content_width":"","inline_featured_image":false,"footnotes":""},"categories":[14],"tags":[],"class_list":["post-97795","post","type-post","status-publish","format-standard","hentry","category-vijesti"],"_links":{"self":[{"href":"https:\/\/www.pcnen.com\/portal\/wp-json\/wp\/v2\/posts\/97795","targetHints":{"allow":["GET"]}}],"collection":[{"href":"https:\/\/www.pcnen.com\/portal\/wp-json\/wp\/v2\/posts"}],"about":[{"href":"https:\/\/www.pcnen.com\/portal\/wp-json\/wp\/v2\/types\/post"}],"author":[{"embeddable":true,"href":"https:\/\/www.pcnen.com\/portal\/wp-json\/wp\/v2\/users\/1"}],"replies":[{"embeddable":true,"href":"https:\/\/www.pcnen.com\/portal\/wp-json\/wp\/v2\/comments?post=97795"}],"version-history":[{"count":0,"href":"https:\/\/www.pcnen.com\/portal\/wp-json\/wp\/v2\/posts\/97795\/revisions"}],"wp:attachment":[{"href":"https:\/\/www.pcnen.com\/portal\/wp-json\/wp\/v2\/media?parent=97795"}],"wp:term":[{"taxonomy":"category","embeddable":true,"href":"https:\/\/www.pcnen.com\/portal\/wp-json\/wp\/v2\/categories?post=97795"},{"taxonomy":"post_tag","embeddable":true,"href":"https:\/\/www.pcnen.com\/portal\/wp-json\/wp\/v2\/tags?post=97795"}],"curies":[{"name":"wp","href":"https:\/\/api.w.org\/{rel}","templated":true}]}}