{"id":97783,"date":"2012-11-02T14:22:54","date_gmt":"2012-11-02T13:22:54","guid":{"rendered":"http:\/\/www.pcnen.com\/portal\/?p=97783"},"modified":"2012-11-02T14:33:07","modified_gmt":"2012-11-02T13:33:07","slug":"medvedev-clanice-benda-pusi-rajot-ne-zasluzuju-zatvor","status":"publish","type":"post","link":"https:\/\/www.pcnen.com\/portal\/2012\/11\/02\/medvedev-clanice-benda-pusi-rajot-ne-zasluzuju-zatvor\/","title":{"rendered":"Medvedev: \u010clanice benda &#8216;Pusi Rajot&#8217; ne zaslu\u017euju zatvor"},"content":{"rendered":"<p>Ruski premijer Dmitrij Medvedev izjavio je danas da \u010dlanice pank-benda &#8216;Pusi Rajot&#8217; ne treba da budu u zatvoru, po\u0161to su ve\u0107 provele dosta vremena iza re\u0161etaka.<\/p>\n<p>\u201cDa sam sudija, ne bih ih poslao u zatvor. Smatram da nije u redu da slu\u017ee zatvorske kazne. Ve\u0107 su dovoljno vremena provele iza re\u0161etaka\u201d, rekao je Medvedev, prenijela je agencija RIA novosti.<\/p>\n<p>Marija Aljohina (24) i Nade\u017eda Tolkonjikova (22) poslate su pro\u0161le sedmice na izdr\u017eavanje kazni u radne logore isto\u010dno od Moskve, saop\u0161tili su njihovi advokati.<\/p>\n<p>Aljohina i Tolokonjikova su u avgustu osu\u0111ene na po dvije godine zatvora zbog upada u hram Hrista Spasitelja u Moskvi 21. februara, gdje su izvele &#8216;pank molitvu&#8217; Bogorodici da sa vlasti ukloni predsjednika Vladimira Putina.<\/p>\n<p>Sud u Moskvi ranije je odbacio njihovu \u017ealbu na presudu, a tre\u0107a optu\u017eena \u010dlanica benda Jekaterina Samutsevi\u010d oslobo\u0111ena je uz uslovnu kaznu.<\/p>\n<p>Pro\u0161le sedmice odba\u010den je zahtjev advokata odbrane da osu\u0111ene pankerke ne odlaze na odslu\u017eenje kazne dok im djeca ne napune 14 godina. Aljohina ima petogodi\u0161njeg sina, a Tolokonjikova \u010detvorogodi\u0161nju k\u0107erku.<\/p>\n","protected":false},"excerpt":{"rendered":"<p>Ruski premijer Dmitrij Medvedev izjavio je danas da \u010dlanice pank-benda &#8216;Pusi Rajot&#8217; ne treba da budu u zatvoru, po\u0161to su ve\u0107 provele dosta vremena iza re\u0161etaka. \u201cDa sam sudija, ne bih ih poslao u zatvor. Smatram da nije u redu da slu\u017ee zatvorske kazne. Ve\u0107 su dovoljno vremena provele iza re\u0161etaka\u201d, rekao je Medvedev, prenijela [&hellip;]<\/p>\n","protected":false},"author":1,"featured_media":0,"comment_status":"open","ping_status":"closed","sticky":false,"template":"","format":"standard","meta":{"_seopress_robots_primary_cat":"","_seopress_titles_title":"","_seopress_titles_desc":"","_seopress_robots_index":"","_et_pb_use_builder":"","_et_pb_old_content":"","_et_gb_content_width":"","inline_featured_image":false,"footnotes":""},"categories":[14],"tags":[],"class_list":["post-97783","post","type-post","status-publish","format-standard","hentry","category-vijesti"],"_links":{"self":[{"href":"https:\/\/www.pcnen.com\/portal\/wp-json\/wp\/v2\/posts\/97783","targetHints":{"allow":["GET"]}}],"collection":[{"href":"https:\/\/www.pcnen.com\/portal\/wp-json\/wp\/v2\/posts"}],"about":[{"href":"https:\/\/www.pcnen.com\/portal\/wp-json\/wp\/v2\/types\/post"}],"author":[{"embeddable":true,"href":"https:\/\/www.pcnen.com\/portal\/wp-json\/wp\/v2\/users\/1"}],"replies":[{"embeddable":true,"href":"https:\/\/www.pcnen.com\/portal\/wp-json\/wp\/v2\/comments?post=97783"}],"version-history":[{"count":0,"href":"https:\/\/www.pcnen.com\/portal\/wp-json\/wp\/v2\/posts\/97783\/revisions"}],"wp:attachment":[{"href":"https:\/\/www.pcnen.com\/portal\/wp-json\/wp\/v2\/media?parent=97783"}],"wp:term":[{"taxonomy":"category","embeddable":true,"href":"https:\/\/www.pcnen.com\/portal\/wp-json\/wp\/v2\/categories?post=97783"},{"taxonomy":"post_tag","embeddable":true,"href":"https:\/\/www.pcnen.com\/portal\/wp-json\/wp\/v2\/tags?post=97783"}],"curies":[{"name":"wp","href":"https:\/\/api.w.org\/{rel}","templated":true}]}}