{"id":97752,"date":"2012-11-02T09:38:13","date_gmt":"2012-11-02T08:38:13","guid":{"rendered":"http:\/\/www.pcnen.com\/portal\/?p=97752"},"modified":"2012-11-02T09:38:13","modified_gmt":"2012-11-02T08:38:13","slug":"neonacisti-u-njemackoj-nabavili-oruzje","status":"publish","type":"post","link":"https:\/\/www.pcnen.com\/portal\/2012\/11\/02\/neonacisti-u-njemackoj-nabavili-oruzje\/","title":{"rendered":"Neonacisti u Njema\u010dkoj nabavili oru\u017eje"},"content":{"rendered":"<p>Ministar unutra\u0161njih poslova njema\u010dke savezne zemlje Sjeverna Rajna Vestfalija Ralf J\u00e4ger tvrdi da su se pripadnici neonacisti\u010dkih grupacija naoru\u017eali i upozorava na porast opasnost od desni\u010darskih teroristi\u010dkih napada u Njema\u010dkoj.<\/p>\n<p>J\u00e4ger je izjavio da su neonacisti kupili oru\u017eje kako bi napali politi\u010dke protivnike ili policiju, prenosi Doj\u010de vele.<\/p>\n<p>&nbsp;<\/p>\n","protected":false},"excerpt":{"rendered":"<p>Ministar unutra\u0161njih poslova njema\u010dke savezne zemlje Sjeverna Rajna Vestfalija Ralf J\u00e4ger tvrdi da su se pripadnici neonacisti\u010dkih grupacija naoru\u017eali i upozorava na porast opasnost od desni\u010darskih teroristi\u010dkih napada u Njema\u010dkoj.<\/p>\n","protected":false},"author":1,"featured_media":0,"comment_status":"open","ping_status":"closed","sticky":false,"template":"","format":"standard","meta":{"_seopress_robots_primary_cat":"","_seopress_titles_title":"","_seopress_titles_desc":"","_seopress_robots_index":"","_et_pb_use_builder":"","_et_pb_old_content":"","_et_gb_content_width":"","inline_featured_image":false,"footnotes":""},"categories":[14],"tags":[],"class_list":["post-97752","post","type-post","status-publish","format-standard","hentry","category-vijesti"],"_links":{"self":[{"href":"https:\/\/www.pcnen.com\/portal\/wp-json\/wp\/v2\/posts\/97752","targetHints":{"allow":["GET"]}}],"collection":[{"href":"https:\/\/www.pcnen.com\/portal\/wp-json\/wp\/v2\/posts"}],"about":[{"href":"https:\/\/www.pcnen.com\/portal\/wp-json\/wp\/v2\/types\/post"}],"author":[{"embeddable":true,"href":"https:\/\/www.pcnen.com\/portal\/wp-json\/wp\/v2\/users\/1"}],"replies":[{"embeddable":true,"href":"https:\/\/www.pcnen.com\/portal\/wp-json\/wp\/v2\/comments?post=97752"}],"version-history":[{"count":0,"href":"https:\/\/www.pcnen.com\/portal\/wp-json\/wp\/v2\/posts\/97752\/revisions"}],"wp:attachment":[{"href":"https:\/\/www.pcnen.com\/portal\/wp-json\/wp\/v2\/media?parent=97752"}],"wp:term":[{"taxonomy":"category","embeddable":true,"href":"https:\/\/www.pcnen.com\/portal\/wp-json\/wp\/v2\/categories?post=97752"},{"taxonomy":"post_tag","embeddable":true,"href":"https:\/\/www.pcnen.com\/portal\/wp-json\/wp\/v2\/tags?post=97752"}],"curies":[{"name":"wp","href":"https:\/\/api.w.org\/{rel}","templated":true}]}}