{"id":97749,"date":"2012-11-02T09:25:30","date_gmt":"2012-11-02T08:25:30","guid":{"rendered":"http:\/\/www.pcnen.com\/portal\/?p=97749"},"modified":"2012-11-02T09:25:30","modified_gmt":"2012-11-02T08:25:30","slug":"jahjaga-crnogorci-u-kosovskom-ustavu-najkasnije-za-tri-mjeseca","status":"publish","type":"post","link":"https:\/\/www.pcnen.com\/portal\/2012\/11\/02\/jahjaga-crnogorci-u-kosovskom-ustavu-najkasnije-za-tri-mjeseca\/","title":{"rendered":"Jahjaga: Crnogorci u kosovskom Ustavu najkasnije za tri mjeseca"},"content":{"rendered":"<p>Predsjednica Kosova Atifete Jahjaga je izjavila da \u0107e crnogorska nacionalna zajednica za najkasnije tri mjeseca biti priznata u kosovskom Ustavu, \u010dime \u0107e biti otkloonjene prepreke za ostvarivanje punih diplomataskih odnosa izme\u0111u dvije dr\u017eave.<\/p>\n<p>&#8220;Postoji dogovor kosovskog rukovodstva da crnogorsku zajednicu priznamo kao ustavnu kategoriju. To \u0107e biti ura\u0111eno novim amandmanima na Ustav Kosova, koji \u0107e biti usvojeni najkasnije za tri mjeseca&#8221;, kazala je Jahjagau intervjuu za TV Crne Gore.<\/p>\n<p>Vlada Crne Gore je u prvoj polovini ove godine donijela odluku o otvaranju ambasade Crne Gore na Kosovu, ali je predsjednik Filip Vujanovi\u0107 kazao da ne\u0107e potpisati ukaz o postavljenju ambasadora Crne Gore na Kosovu niti \u0107e primati akreditivna pisma dok ne crnogorska nacionalna zajednica kao autenti\u010dna ne bude priznata na Kosovu.<\/p>\n<p>&nbsp;<\/p>\n","protected":false},"excerpt":{"rendered":"<p>Predsjednica Kosova Atifete Jahjaga je izjavila da \u0107e crnogorska nacionalna zajednica za najkasnije tri mjeseca biti priznata u kosovskom Ustavu, \u010dime \u0107e biti otkloonjene prepreke za ostvarivanje punih diplomataskih odnosa izme\u0111u dvije dr\u017eave.<\/p>\n","protected":false},"author":1,"featured_media":0,"comment_status":"open","ping_status":"closed","sticky":false,"template":"","format":"standard","meta":{"_seopress_robots_primary_cat":"","_seopress_titles_title":"","_seopress_titles_desc":"","_seopress_robots_index":"","_et_pb_use_builder":"","_et_pb_old_content":"","_et_gb_content_width":"","inline_featured_image":false,"footnotes":""},"categories":[14],"tags":[],"class_list":["post-97749","post","type-post","status-publish","format-standard","hentry","category-vijesti"],"_links":{"self":[{"href":"https:\/\/www.pcnen.com\/portal\/wp-json\/wp\/v2\/posts\/97749","targetHints":{"allow":["GET"]}}],"collection":[{"href":"https:\/\/www.pcnen.com\/portal\/wp-json\/wp\/v2\/posts"}],"about":[{"href":"https:\/\/www.pcnen.com\/portal\/wp-json\/wp\/v2\/types\/post"}],"author":[{"embeddable":true,"href":"https:\/\/www.pcnen.com\/portal\/wp-json\/wp\/v2\/users\/1"}],"replies":[{"embeddable":true,"href":"https:\/\/www.pcnen.com\/portal\/wp-json\/wp\/v2\/comments?post=97749"}],"version-history":[{"count":0,"href":"https:\/\/www.pcnen.com\/portal\/wp-json\/wp\/v2\/posts\/97749\/revisions"}],"wp:attachment":[{"href":"https:\/\/www.pcnen.com\/portal\/wp-json\/wp\/v2\/media?parent=97749"}],"wp:term":[{"taxonomy":"category","embeddable":true,"href":"https:\/\/www.pcnen.com\/portal\/wp-json\/wp\/v2\/categories?post=97749"},{"taxonomy":"post_tag","embeddable":true,"href":"https:\/\/www.pcnen.com\/portal\/wp-json\/wp\/v2\/tags?post=97749"}],"curies":[{"name":"wp","href":"https:\/\/api.w.org\/{rel}","templated":true}]}}