{"id":97732,"date":"2012-11-02T08:02:29","date_gmt":"2012-11-02T07:02:29","guid":{"rendered":"http:\/\/www.pcnen.com\/portal\/?p=97732"},"modified":"2012-11-02T08:02:29","modified_gmt":"2012-11-02T07:02:29","slug":"promjenljivo-oblacno-moguca-slaba-kisa","status":"publish","type":"post","link":"https:\/\/www.pcnen.com\/portal\/2012\/11\/02\/promjenljivo-oblacno-moguca-slaba-kisa\/","title":{"rendered":"Promjenljivo obla\u010dno, mogu\u0107a slaba ki\u0161a"},"content":{"rendered":"<p><a href=\"http:\/\/www.pcnen.com\/portal\/wp-content\/uploads\/2012\/04\/promjenljivo-obla\u010dno-s-ki\u0161om.jpg\"><img loading=\"lazy\" decoding=\"async\" class=\"alignleft size-full wp-image-80609\" title=\"promjenljivo obla\u010dno s ki\u0161om\" src=\"http:\/\/www.pcnen.com\/portal\/wp-content\/uploads\/2012\/04\/promjenljivo-obla\u010dno-s-ki\u0161om.jpg\" alt=\"\" width=\"288\" height=\"175\" \/><\/a>U Crnoj Gori \u0107e danas biti promjenljivo obla\u010dno sa sun\u010danim intervalima i uslovima za ponegdje slabu ki\u0161u, prvenstveno u ju\u017enim i centralnim djelovima zemlje.<\/p>\n<p>Vjetar slab do umjeren, ju\u017enih i isto\u010dnih smjerova. More ponegdje umjereno talasasto do talasato.<\/p>\n<p>Najvi\u0161a dnevna temperatura vazduha od 11 do 22 stepena Celzijusa.<\/p>\n<p>Prvog dana vikenda prete\u017eno ili djelimi\u010dno sun\u010dano, a u nedjelju, uglavnom u drugom dijelu dana, mjestimi\u010dno je mogu\u0107a ki\u0161a. Na sjeveru u jutarnjim satima bi\u0107e magle po kotlinama.<\/p>\n<p>Ponedjeljak \u0107e biti prete\u017eno obla\u010dan i ki\u0161ovit; u ju\u017enim i centralnim predjelima o\u010dekuju se intenzivnije padavine, a povremeno i pljuskovi pa\u0107eni grmljavinom. Tokom utorka promjenljivo obla\u010dno uz uslove za mjestimi\u010dnu ki\u0161u.<\/p>\n<p>Najvi\u0161a dnevna temperature \u0107e blago rasti za dane vikenda.<\/p>\n<p>&nbsp;<\/p>\n","protected":false},"excerpt":{"rendered":"<p>U Crnoj Gori \u0107e danas biti promjenljivo obla\u010dno sa sun\u010danim intervalima i uslovima za ponegdje slabu ki\u0161u, prvenstveno u ju\u017enim i centralnim djelovima zemlje.<\/p>\n","protected":false},"author":1,"featured_media":0,"comment_status":"open","ping_status":"closed","sticky":false,"template":"","format":"standard","meta":{"_seopress_robots_primary_cat":"","_seopress_titles_title":"","_seopress_titles_desc":"","_seopress_robots_index":"","_et_pb_use_builder":"","_et_pb_old_content":"","_et_gb_content_width":"","inline_featured_image":false,"footnotes":""},"categories":[14],"tags":[],"class_list":["post-97732","post","type-post","status-publish","format-standard","hentry","category-vijesti"],"_links":{"self":[{"href":"https:\/\/www.pcnen.com\/portal\/wp-json\/wp\/v2\/posts\/97732","targetHints":{"allow":["GET"]}}],"collection":[{"href":"https:\/\/www.pcnen.com\/portal\/wp-json\/wp\/v2\/posts"}],"about":[{"href":"https:\/\/www.pcnen.com\/portal\/wp-json\/wp\/v2\/types\/post"}],"author":[{"embeddable":true,"href":"https:\/\/www.pcnen.com\/portal\/wp-json\/wp\/v2\/users\/1"}],"replies":[{"embeddable":true,"href":"https:\/\/www.pcnen.com\/portal\/wp-json\/wp\/v2\/comments?post=97732"}],"version-history":[{"count":0,"href":"https:\/\/www.pcnen.com\/portal\/wp-json\/wp\/v2\/posts\/97732\/revisions"}],"wp:attachment":[{"href":"https:\/\/www.pcnen.com\/portal\/wp-json\/wp\/v2\/media?parent=97732"}],"wp:term":[{"taxonomy":"category","embeddable":true,"href":"https:\/\/www.pcnen.com\/portal\/wp-json\/wp\/v2\/categories?post=97732"},{"taxonomy":"post_tag","embeddable":true,"href":"https:\/\/www.pcnen.com\/portal\/wp-json\/wp\/v2\/tags?post=97732"}],"curies":[{"name":"wp","href":"https:\/\/api.w.org\/{rel}","templated":true}]}}