{"id":97690,"date":"2012-11-01T12:50:17","date_gmt":"2012-11-01T11:50:17","guid":{"rendered":"http:\/\/www.pcnen.com\/portal\/?p=97690"},"modified":"2012-11-01T12:50:17","modified_gmt":"2012-11-01T11:50:17","slug":"kriza-u-italiji-smanjuje-broj-pokrajina","status":"publish","type":"post","link":"https:\/\/www.pcnen.com\/portal\/2012\/11\/01\/kriza-u-italiji-smanjuje-broj-pokrajina\/","title":{"rendered":"Kriza u Italiji smanjuje broj pokrajina"},"content":{"rendered":"<p>Zbog ekonomske krize sa kojom se suo\u010dava posljednjih godinu dana Italija je donijela odluku da smanji broj pokrajina.<\/p>\n<p>Ministarka unutra\u0161njih poslova Annamaria Cancellieri i ministar javne uprave Filippo Patroni Griffi su donijeli odluku prema kojoj \u0107e broj pokrajina sa sada\u0161njih 86 biti smanjen na 51.<\/p>\n<p>Naglasiv\u0161i da je to \u201eproces u kojem nema povratka\u201c, ministar Griffi je rekao da je ovaj korak veoma va\u017ean za budu\u0107nost zemlje i da \u0107e vlasti ve\u0107 u januaru 2013. godine po\u010deti sa procesom smanjenja lokalnih samouprava, prenosi Anadolija.<\/p>\n<p>Prema kalendaru koji je odredila Vlada Italije, izbori za novu upravu u pokrajinama odr\u017ea\u0107e se u novembru 2013. godine, a stupanje na snagu novog sistema upravljanja u 51 pokrajini po\u010de\u0107e 2014. godine.<\/p>\n","protected":false},"excerpt":{"rendered":"<p>Zbog ekonomske krize sa kojom se suo\u010dava posljednjih godinu dana Italija je donijela odluku da smanji broj pokrajina. Ministarka unutra\u0161njih poslova Annamaria Cancellieri i ministar javne uprave Filippo Patroni Griffi su donijeli odluku prema kojoj \u0107e broj pokrajina sa sada\u0161njih 86 biti smanjen na 51. Naglasiv\u0161i da je to \u201eproces u kojem nema povratka\u201c, ministar [&hellip;]<\/p>\n","protected":false},"author":1,"featured_media":0,"comment_status":"open","ping_status":"closed","sticky":false,"template":"","format":"standard","meta":{"_seopress_robots_primary_cat":"","_seopress_titles_title":"","_seopress_titles_desc":"","_seopress_robots_index":"","_et_pb_use_builder":"","_et_pb_old_content":"","_et_gb_content_width":"","inline_featured_image":false,"footnotes":""},"categories":[14],"tags":[],"class_list":["post-97690","post","type-post","status-publish","format-standard","hentry","category-vijesti"],"_links":{"self":[{"href":"https:\/\/www.pcnen.com\/portal\/wp-json\/wp\/v2\/posts\/97690","targetHints":{"allow":["GET"]}}],"collection":[{"href":"https:\/\/www.pcnen.com\/portal\/wp-json\/wp\/v2\/posts"}],"about":[{"href":"https:\/\/www.pcnen.com\/portal\/wp-json\/wp\/v2\/types\/post"}],"author":[{"embeddable":true,"href":"https:\/\/www.pcnen.com\/portal\/wp-json\/wp\/v2\/users\/1"}],"replies":[{"embeddable":true,"href":"https:\/\/www.pcnen.com\/portal\/wp-json\/wp\/v2\/comments?post=97690"}],"version-history":[{"count":0,"href":"https:\/\/www.pcnen.com\/portal\/wp-json\/wp\/v2\/posts\/97690\/revisions"}],"wp:attachment":[{"href":"https:\/\/www.pcnen.com\/portal\/wp-json\/wp\/v2\/media?parent=97690"}],"wp:term":[{"taxonomy":"category","embeddable":true,"href":"https:\/\/www.pcnen.com\/portal\/wp-json\/wp\/v2\/categories?post=97690"},{"taxonomy":"post_tag","embeddable":true,"href":"https:\/\/www.pcnen.com\/portal\/wp-json\/wp\/v2\/tags?post=97690"}],"curies":[{"name":"wp","href":"https:\/\/api.w.org\/{rel}","templated":true}]}}