{"id":96929,"date":"2012-10-22T20:37:48","date_gmt":"2012-10-22T18:37:48","guid":{"rendered":"http:\/\/www.pcnen.com\/portal\/?p=96929"},"modified":"2012-10-22T20:38:10","modified_gmt":"2012-10-22T18:38:10","slug":"zatvor-za-naucnike-koji-nijesu-upozorili-na-potres-u-akvili","status":"publish","type":"post","link":"https:\/\/www.pcnen.com\/portal\/2012\/10\/22\/zatvor-za-naucnike-koji-nijesu-upozorili-na-potres-u-akvili\/","title":{"rendered":"Zatvor za nau\u010dnike koji nijesu upozorili na potres u Akvili"},"content":{"rendered":"<p><a href=\"http:\/\/www.pcnen.com\/portal\/wp-content\/uploads\/2012\/10\/zemljotres.jpg\"><img loading=\"lazy\" decoding=\"async\" class=\"alignleft size-thumbnail wp-image-96930\" title=\"zemljotres\" src=\"http:\/\/www.pcnen.com\/portal\/wp-content\/uploads\/2012\/10\/zemljotres-150x150.jpg\" alt=\"\" width=\"150\" height=\"150\" \/><\/a>Italijanski sud osudio je danas na po \u0161est godina zatvora <a href=\"http:\/\/www.pcnen.com\/portal\/2012\/09\/25\/italija-tuzioci-traze-zatvor-za-naucnike-zbog-zemljotresa\/\">sedam nau\u010dnika i stru\u010dnjaka<\/a> zato\u00a0 \u0161to nijesu adekvatno upozorili gra\u0111ane na opasnost od potresa\u00a0 u <a href=\"http:\/\/www.pcnen.com\/portal\/2009\/04\/07\/vise-od-200-poginulo-najmanje-1-500-povrijedeno\/\">gradi\u0107u Akvila 2009. <\/a>u kojem je poginulo\u00a0 vi\u0161e\u00a0 od 300 ljudi.<\/p>\n<p>Me\u0111u\u00a0 osudjenima su\u00a0 profesor\u00a0 Enzo Boschi, donedavno predsjednik Instituta za geofiziku i vulkanologiju i profesor fizike na Univerzitetu\u00a0 u \u0110enovi,\u00a0 Claudio Eva.<\/p>\n<p>Neki od osudjenih\u00a0 su bili u upravi slu\u017ebe civilne za\u0161tite Italije.<\/p>\n<p>Odmah nakon zemljotresa, po\u010dela je<a href=\"http:\/\/www.pcnen.com\/portal\/2009\/04\/11\/istraga-zbog-lose-gradnje-u-akvili\/\"> istraga povodom tvrdnji da su pojedine zgrade <\/a>bile toliko lo\u0161e sazidane i neotporne na potrese tla da su izazvale pogibije stanovni\u0161tva i ogromnu materijalnu \u0161tetu.<\/p>\n<p>Tu\u017eilac u Akvili je tada rekao da bi morali da budu provjereni standardi po kojima su neki objekti zidani, nakon \u0161to su pojedini stru\u010dnjaci izjavili da je ve\u0107i broj zgrada u gradu morao da podnese zemljotres i da pro\u0111e bez ve\u0107ih o\u0161te\u0107enja.<\/p>\n","protected":false},"excerpt":{"rendered":"<p>Italijanski sud osudio je danas na po \u0161est godina zatvora sedam nau\u010dnika i stru\u010dnjaka zato\u00a0 \u0161to nijesu adekvatno upozorili gra\u0111ane na opasnost od potresa\u00a0 u gradi\u0107u Akvila 2009. u kojem je poginulo\u00a0 vi\u0161e\u00a0 od 300 ljudi. Me\u0111u\u00a0 osudjenima su\u00a0 profesor\u00a0 Enzo Boschi, donedavno predsjednik Instituta za geofiziku i vulkanologiju i profesor fizike na Univerzitetu\u00a0 u [&hellip;]<\/p>\n","protected":false},"author":1,"featured_media":0,"comment_status":"open","ping_status":"closed","sticky":false,"template":"","format":"standard","meta":{"_seopress_robots_primary_cat":"","_seopress_titles_title":"","_seopress_titles_desc":"","_seopress_robots_index":"","_et_pb_use_builder":"","_et_pb_old_content":"","_et_gb_content_width":"","inline_featured_image":false,"footnotes":""},"categories":[14,12],"tags":[],"class_list":["post-96929","post","type-post","status-publish","format-standard","hentry","category-vijesti","category-prica-dana"],"_links":{"self":[{"href":"https:\/\/www.pcnen.com\/portal\/wp-json\/wp\/v2\/posts\/96929","targetHints":{"allow":["GET"]}}],"collection":[{"href":"https:\/\/www.pcnen.com\/portal\/wp-json\/wp\/v2\/posts"}],"about":[{"href":"https:\/\/www.pcnen.com\/portal\/wp-json\/wp\/v2\/types\/post"}],"author":[{"embeddable":true,"href":"https:\/\/www.pcnen.com\/portal\/wp-json\/wp\/v2\/users\/1"}],"replies":[{"embeddable":true,"href":"https:\/\/www.pcnen.com\/portal\/wp-json\/wp\/v2\/comments?post=96929"}],"version-history":[{"count":0,"href":"https:\/\/www.pcnen.com\/portal\/wp-json\/wp\/v2\/posts\/96929\/revisions"}],"wp:attachment":[{"href":"https:\/\/www.pcnen.com\/portal\/wp-json\/wp\/v2\/media?parent=96929"}],"wp:term":[{"taxonomy":"category","embeddable":true,"href":"https:\/\/www.pcnen.com\/portal\/wp-json\/wp\/v2\/categories?post=96929"},{"taxonomy":"post_tag","embeddable":true,"href":"https:\/\/www.pcnen.com\/portal\/wp-json\/wp\/v2\/tags?post=96929"}],"curies":[{"name":"wp","href":"https:\/\/api.w.org\/{rel}","templated":true}]}}