{"id":96741,"date":"2012-10-19T17:26:10","date_gmt":"2012-10-19T15:26:10","guid":{"rendered":"http:\/\/www.pcnen.com\/portal\/?p=96741"},"modified":"2012-10-19T17:26:10","modified_gmt":"2012-10-19T15:26:10","slug":"drzava-crna-gora-dobila-spor-protiv-spc","status":"publish","type":"post","link":"https:\/\/www.pcnen.com\/portal\/2012\/10\/19\/drzava-crna-gora-dobila-spor-protiv-spc\/","title":{"rendered":"Dr\u017eava Crna Gora dobila spor protiv SPC"},"content":{"rendered":"<p><a href=\"http:\/\/www.pcnen.com\/portal\/wp-content\/uploads\/2011\/08\/Cetinjski-manastir-e1313903834263.jpg\"><img loading=\"lazy\" decoding=\"async\" class=\"alignleft size-thumbnail wp-image-58677\" title=\"Cetinjski manastir\" src=\"http:\/\/www.pcnen.com\/portal\/wp-content\/uploads\/2011\/08\/Cetinjski-manastir-e1313903834263-150x150.jpg\" alt=\"\" width=\"150\" height=\"150\" \/><\/a>Crna Gora je dobila spor pred Evropskim sudom za ljudska prava u Strazburu koji se vodio po predstavci Eparhije budimljansko-nik\u0161i\u0107ka i jo\u0161 11 organizacionih jedinica Srpske pravoslavne crkve za povra\u0107aj imovine. Tu\u017ebi iz 2004. godine se kasnije pridru\u017eila Vlada Srbije.<\/p>\n<p>Kako prenose elektronski mediji, zastupnik Crne Gore pred sudom u Strazburu, Zoran Pa\u017ein je rekao da je Evropski sud u cjelosti prihvatio njegovu pravnu argumentaciju i oglasio neprihvatljivom i odbacio predstavku SPC.<\/p>\n<p>On je naveo da je Evropski sud prethodno utvrdio da su li\u0161ene svakog pravnog osnova tvrdnje SPC i Srbije da su podnosioci predstavke navodne \u017ertve povrede prava na mirno u\u017eivanje imovine, prava na pravi\u010dno su\u0111enje, kao i da su \u017ertve drskriminacije od strane dr\u017eave Crne Gore.<\/p>\n","protected":false},"excerpt":{"rendered":"<p>Crna Gora je dobila spor pred Evropskim sudom za ljudska prava u Strazburu koji se vodio po predstavci Eparhije budimljansko-nik\u0161i\u0107ka i jo\u0161 11 organizacionih jedinica Srpske pravoslavne crkve za povra\u0107aj imovine.<\/p>\n","protected":false},"author":1,"featured_media":0,"comment_status":"open","ping_status":"closed","sticky":false,"template":"","format":"standard","meta":{"_seopress_robots_primary_cat":"","_seopress_titles_title":"","_seopress_titles_desc":"","_seopress_robots_index":"","_et_pb_use_builder":"","_et_pb_old_content":"","_et_gb_content_width":"","inline_featured_image":false,"footnotes":""},"categories":[14,12],"tags":[],"class_list":["post-96741","post","type-post","status-publish","format-standard","hentry","category-vijesti","category-prica-dana"],"_links":{"self":[{"href":"https:\/\/www.pcnen.com\/portal\/wp-json\/wp\/v2\/posts\/96741","targetHints":{"allow":["GET"]}}],"collection":[{"href":"https:\/\/www.pcnen.com\/portal\/wp-json\/wp\/v2\/posts"}],"about":[{"href":"https:\/\/www.pcnen.com\/portal\/wp-json\/wp\/v2\/types\/post"}],"author":[{"embeddable":true,"href":"https:\/\/www.pcnen.com\/portal\/wp-json\/wp\/v2\/users\/1"}],"replies":[{"embeddable":true,"href":"https:\/\/www.pcnen.com\/portal\/wp-json\/wp\/v2\/comments?post=96741"}],"version-history":[{"count":0,"href":"https:\/\/www.pcnen.com\/portal\/wp-json\/wp\/v2\/posts\/96741\/revisions"}],"wp:attachment":[{"href":"https:\/\/www.pcnen.com\/portal\/wp-json\/wp\/v2\/media?parent=96741"}],"wp:term":[{"taxonomy":"category","embeddable":true,"href":"https:\/\/www.pcnen.com\/portal\/wp-json\/wp\/v2\/categories?post=96741"},{"taxonomy":"post_tag","embeddable":true,"href":"https:\/\/www.pcnen.com\/portal\/wp-json\/wp\/v2\/tags?post=96741"}],"curies":[{"name":"wp","href":"https:\/\/api.w.org\/{rel}","templated":true}]}}