{"id":96129,"date":"2012-10-11T11:32:33","date_gmt":"2012-10-11T09:32:33","guid":{"rendered":"http:\/\/www.pcnen.com\/portal\/?p=96129"},"modified":"2012-10-11T11:32:33","modified_gmt":"2012-10-11T09:32:33","slug":"puma-pravi-biorazgradivu-obucu-i-odjecu","status":"publish","type":"post","link":"https:\/\/www.pcnen.com\/portal\/2012\/10\/11\/puma-pravi-biorazgradivu-obucu-i-odjecu\/","title":{"rendered":"Puma pravi biorazgradivu obu\u0107u i odje\u0107u"},"content":{"rendered":"<p><a href=\"http:\/\/www.pcnen.com\/portal\/wp-content\/uploads\/2012\/10\/puma.jpg\"><img loading=\"lazy\" decoding=\"async\" class=\"alignleft size-thumbnail wp-image-96130\" title=\"puma\" src=\"http:\/\/www.pcnen.com\/portal\/wp-content\/uploads\/2012\/10\/puma-150x150.jpg\" alt=\"\" width=\"150\" height=\"150\" \/><\/a>Njema\u010dki proizvo\u0111a\u010d sportske obu\u0107e i odje\u0107e &#8220;Puma&#8221;, u te\u017enji da po prodaji dostigne &#8220;Najk&#8221; i &#8220;Adidas&#8221;, planira da slede\u0107e godine iznese na tr\u017ei\u0161te liniju biolo\u0161ki razgradivu obu\u0107u i odje\u0107u koja ne nanosi \u0161tetu \u010dovjekovoj okolini.<\/p>\n<p>U novoj kolekciji \u0107e se na\u0107i biorazgradive patike i majice, kao i zimske jakne i ruksaci, napravljeni od materijala koji je pogodan za sekundarnu preradu.<\/p>\n<p>Svi ti proizvodi \u0107e posle okon\u010danja roka upotrebe mo\u0107i da se vrate u prodavnice radi prerade, objavljeno je na strani Vesti.ru.<\/p>\n<p>&#8220;Puma&#8221; je pripremila &#8220;neveliku kolekciju&#8221; od 22 proizvoda, izjavio je njen izvr\u0161ni direktor Franc Koh koji nije \u017eeleo da prognozira koliko \u0107e se uspje\u0161no ta roba prodavati.<\/p>\n","protected":false},"excerpt":{"rendered":"<p>Njema\u010dki proizvo\u0111a\u010d sportske obu\u0107e i odje\u0107e &#8220;Puma&#8221;, u te\u017enji da po prodaji dostigne &#8220;Najk&#8221; i &#8220;Adidas&#8221;, planira da slede\u0107e godine iznese na tr\u017ei\u0161te liniju biolo\u0161ki razgradivu obu\u0107u i odje\u0107u koja ne nanosi \u0161tetu \u010dovjekovoj okolini. U novoj kolekciji \u0107e se na\u0107i biorazgradive patike i majice, kao i zimske jakne i ruksaci, napravljeni od materijala koji [&hellip;]<\/p>\n","protected":false},"author":1,"featured_media":0,"comment_status":"open","ping_status":"closed","sticky":false,"template":"","format":"standard","meta":{"_seopress_robots_primary_cat":"","_seopress_titles_title":"","_seopress_titles_desc":"","_seopress_robots_index":"","_et_pb_use_builder":"","_et_pb_old_content":"","_et_gb_content_width":"","inline_featured_image":false,"footnotes":""},"categories":[9],"tags":[],"class_list":["post-96129","post","type-post","status-publish","format-standard","hentry","category-zanimljivosti"],"_links":{"self":[{"href":"https:\/\/www.pcnen.com\/portal\/wp-json\/wp\/v2\/posts\/96129","targetHints":{"allow":["GET"]}}],"collection":[{"href":"https:\/\/www.pcnen.com\/portal\/wp-json\/wp\/v2\/posts"}],"about":[{"href":"https:\/\/www.pcnen.com\/portal\/wp-json\/wp\/v2\/types\/post"}],"author":[{"embeddable":true,"href":"https:\/\/www.pcnen.com\/portal\/wp-json\/wp\/v2\/users\/1"}],"replies":[{"embeddable":true,"href":"https:\/\/www.pcnen.com\/portal\/wp-json\/wp\/v2\/comments?post=96129"}],"version-history":[{"count":0,"href":"https:\/\/www.pcnen.com\/portal\/wp-json\/wp\/v2\/posts\/96129\/revisions"}],"wp:attachment":[{"href":"https:\/\/www.pcnen.com\/portal\/wp-json\/wp\/v2\/media?parent=96129"}],"wp:term":[{"taxonomy":"category","embeddable":true,"href":"https:\/\/www.pcnen.com\/portal\/wp-json\/wp\/v2\/categories?post=96129"},{"taxonomy":"post_tag","embeddable":true,"href":"https:\/\/www.pcnen.com\/portal\/wp-json\/wp\/v2\/tags?post=96129"}],"curies":[{"name":"wp","href":"https:\/\/api.w.org\/{rel}","templated":true}]}}