{"id":95850,"date":"2012-10-07T13:44:00","date_gmt":"2012-10-07T11:44:00","guid":{"rendered":"http:\/\/www.pcnen.com\/portal\/?p=95850"},"modified":"2012-10-07T13:44:00","modified_gmt":"2012-10-07T11:44:00","slug":"cg-diplomatska-nota-srbiji-zbog-he-na-limu","status":"publish","type":"post","link":"https:\/\/www.pcnen.com\/portal\/2012\/10\/07\/cg-diplomatska-nota-srbiji-zbog-he-na-limu\/","title":{"rendered":"CG: Diplomatska nota Srbiji zbog HE na Limu"},"content":{"rendered":"<p><a href=\"http:\/\/www.pcnen.com\/portal\/wp-content\/uploads\/2012\/10\/lim.jpg\"><img loading=\"lazy\" decoding=\"async\" class=\"alignleft size-full wp-image-95851\" title=\"lim\" src=\"http:\/\/www.pcnen.com\/portal\/wp-content\/uploads\/2012\/10\/lim.jpg\" alt=\"\" width=\"288\" height=\"216\" \/><\/a>Pomo\u0107nica ministra odr\u017eivog razvoja i turizma Crne Gore Ivana Vojinovi\u0107 najavila je danas da \u0107e zvani\u010dna Podgorica uputiti diplomatsku notu Srbiji u vezi sa najavom izgradnje hidroelektrala na Limu.<\/p>\n<p>Ona je kazala da \u0107e Crna Gora \u0161tititi svoje interese kada je u pitanju iskori\u0161\u0107avanje hidropotencijala u regionu.<\/p>\n<p>&#8220;Crna Gora \u0107e se, u najkra\u0107em mogu\u0107em roku, diplomatskim putem obratiti Srbiji u cilju, prije svega, podsje\u0107anja da su i Srbija i Crna Gora potpisnice Espoo konvencije, na osnovu koje su u obavezi da razmijenjuju informacije i konsultacije u slu\u010daju da neki prekograni\u010dni projekat mo\u017ee da izazove odre\u0111ene \u0161tetne i negativne posledice na \u017eivotnu sredinu druge dr\u017eave&#8221;, kazala je Vojinovi\u0107eva.<\/p>\n<p>Vojinovi\u0107eva je, u izjavi Radiju Antena M, rekla da \u0107e Crna Gora, u tom smislu, zatra\u017eiti razmjenu prekograni\u010dnih informacija radi odr\u017eavanja konsultacija o navedenom projektu.<\/p>\n<p>&#8220;Tako\u0111e, u na\u0161oj diplomatskoj noti zahtijeva\u0107emo od Srbije dostavljanje informacija o sprovedenoj javnoj raspravi o nacrtu Studije o procjeni uticaja na \u017eivotnu sredinu&#8221;, rekla je ona.<\/p>\n<p>Iz vlade Crne Gore ranije je poru\u010deno da nema gradnje hiroelektrana na rijeci Lim bez saglasnosti te dr\u017eave, a to joj garantuju i me\u0111unarodne konvencije o za\u0161titi \u017eivotne sredine u prekograni\u010dnim oblastima.<\/p>\n","protected":false},"excerpt":{"rendered":"<p>Pomo\u0107nica ministra odr\u017eivog razvoja i turizma Crne Gore Ivana Vojinovi\u0107 najavila je danas da \u0107e zvani\u010dna Podgorica uputiti diplomatsku notu Srbiji u vezi sa najavom izgradnje hidroelektrala na Limu. Ona je kazala da \u0107e Crna Gora \u0161tititi svoje interese kada je u pitanju iskori\u0161\u0107avanje hidropotencijala u regionu. &#8220;Crna Gora \u0107e se, u najkra\u0107em mogu\u0107em roku, [&hellip;]<\/p>\n","protected":false},"author":1,"featured_media":0,"comment_status":"open","ping_status":"closed","sticky":false,"template":"","format":"standard","meta":{"_seopress_robots_primary_cat":"","_seopress_titles_title":"","_seopress_titles_desc":"","_seopress_robots_index":"","_et_pb_use_builder":"","_et_pb_old_content":"","_et_gb_content_width":"","inline_featured_image":false,"footnotes":""},"categories":[14,12],"tags":[],"class_list":["post-95850","post","type-post","status-publish","format-standard","hentry","category-vijesti","category-prica-dana"],"_links":{"self":[{"href":"https:\/\/www.pcnen.com\/portal\/wp-json\/wp\/v2\/posts\/95850","targetHints":{"allow":["GET"]}}],"collection":[{"href":"https:\/\/www.pcnen.com\/portal\/wp-json\/wp\/v2\/posts"}],"about":[{"href":"https:\/\/www.pcnen.com\/portal\/wp-json\/wp\/v2\/types\/post"}],"author":[{"embeddable":true,"href":"https:\/\/www.pcnen.com\/portal\/wp-json\/wp\/v2\/users\/1"}],"replies":[{"embeddable":true,"href":"https:\/\/www.pcnen.com\/portal\/wp-json\/wp\/v2\/comments?post=95850"}],"version-history":[{"count":0,"href":"https:\/\/www.pcnen.com\/portal\/wp-json\/wp\/v2\/posts\/95850\/revisions"}],"wp:attachment":[{"href":"https:\/\/www.pcnen.com\/portal\/wp-json\/wp\/v2\/media?parent=95850"}],"wp:term":[{"taxonomy":"category","embeddable":true,"href":"https:\/\/www.pcnen.com\/portal\/wp-json\/wp\/v2\/categories?post=95850"},{"taxonomy":"post_tag","embeddable":true,"href":"https:\/\/www.pcnen.com\/portal\/wp-json\/wp\/v2\/tags?post=95850"}],"curies":[{"name":"wp","href":"https:\/\/api.w.org\/{rel}","templated":true}]}}