{"id":95657,"date":"2012-10-04T22:35:54","date_gmt":"2012-10-04T20:35:54","guid":{"rendered":"http:\/\/www.pcnen.com\/portal\/?p=95657"},"modified":"2012-10-04T22:35:54","modified_gmt":"2012-10-04T20:35:54","slug":"krilata-neman-uhvacena-u-peruu","status":"publish","type":"post","link":"https:\/\/www.pcnen.com\/portal\/2012\/10\/04\/krilata-neman-uhvacena-u-peruu\/","title":{"rendered":"Krilata neman uhva\u0107ena u Peruu"},"content":{"rendered":"<p>Peruanski vojnici su u amazonskoj pra\u0161umi uhvatili lete\u0107u zvijer veli\u010dine \u010dovjeka i raspona krila od \u010detiri metra, prenosi Metro portal.<\/p>\n<p>Za postojanje ovog bi\u0107a se znalo u lokalnim selima po imenu \u010cupakabra, neman koja pije krv doma\u0107im \u017eivotinjama, a nerijetko se optu\u017euju i za napade na ljude.<\/p>\n<p><a href=\"http:\/\/www.pcnen.com\/portal\/wp-content\/uploads\/2012\/10\/leteca_chupacabra.jpg\"><img loading=\"lazy\" decoding=\"async\" class=\"aligncenter size-medium wp-image-95658\" title=\"leteca_chupacabra\" src=\"http:\/\/www.pcnen.com\/portal\/wp-content\/uploads\/2012\/10\/leteca_chupacabra-300x170.jpg\" alt=\"\" width=\"300\" height=\"170\" srcset=\"https:\/\/www.pcnen.com\/portal\/wp-content\/uploads\/2012\/10\/leteca_chupacabra-300x170.jpg 300w, https:\/\/www.pcnen.com\/portal\/wp-content\/uploads\/2012\/10\/leteca_chupacabra-235x133.jpg 235w, https:\/\/www.pcnen.com\/portal\/wp-content\/uploads\/2012\/10\/leteca_chupacabra-202x114.jpg 202w, https:\/\/www.pcnen.com\/portal\/wp-content\/uploads\/2012\/10\/leteca_chupacabra-75x42.jpg 75w, https:\/\/www.pcnen.com\/portal\/wp-content\/uploads\/2012\/10\/leteca_chupacabra-350x198.jpg 350w, https:\/\/www.pcnen.com\/portal\/wp-content\/uploads\/2012\/10\/leteca_chupacabra-220x124.jpg 220w, https:\/\/www.pcnen.com\/portal\/wp-content\/uploads\/2012\/10\/leteca_chupacabra.jpg 425w\" sizes=\"(max-width: 300px) 100vw, 300px\" \/><\/a><\/p>\n<p>&nbsp;<\/p>\n","protected":false},"excerpt":{"rendered":"<p>Peruanski vojnici su u amazonskoj pra\u0161umi uhvatili lete\u0107u zvijer veli\u010dine \u010dovjeka i raspona krila od \u010detiri metra.<\/p>\n","protected":false},"author":1,"featured_media":95658,"comment_status":"open","ping_status":"closed","sticky":false,"template":"","format":"standard","meta":{"_seopress_robots_primary_cat":"","_seopress_titles_title":"","_seopress_titles_desc":"","_seopress_robots_index":"","_et_pb_use_builder":"","_et_pb_old_content":"","_et_gb_content_width":"","inline_featured_image":false,"footnotes":""},"categories":[9],"tags":[],"class_list":["post-95657","post","type-post","status-publish","format-standard","has-post-thumbnail","hentry","category-zanimljivosti"],"_links":{"self":[{"href":"https:\/\/www.pcnen.com\/portal\/wp-json\/wp\/v2\/posts\/95657","targetHints":{"allow":["GET"]}}],"collection":[{"href":"https:\/\/www.pcnen.com\/portal\/wp-json\/wp\/v2\/posts"}],"about":[{"href":"https:\/\/www.pcnen.com\/portal\/wp-json\/wp\/v2\/types\/post"}],"author":[{"embeddable":true,"href":"https:\/\/www.pcnen.com\/portal\/wp-json\/wp\/v2\/users\/1"}],"replies":[{"embeddable":true,"href":"https:\/\/www.pcnen.com\/portal\/wp-json\/wp\/v2\/comments?post=95657"}],"version-history":[{"count":0,"href":"https:\/\/www.pcnen.com\/portal\/wp-json\/wp\/v2\/posts\/95657\/revisions"}],"wp:featuredmedia":[{"embeddable":true,"href":"https:\/\/www.pcnen.com\/portal\/wp-json\/wp\/v2\/media\/95658"}],"wp:attachment":[{"href":"https:\/\/www.pcnen.com\/portal\/wp-json\/wp\/v2\/media?parent=95657"}],"wp:term":[{"taxonomy":"category","embeddable":true,"href":"https:\/\/www.pcnen.com\/portal\/wp-json\/wp\/v2\/categories?post=95657"},{"taxonomy":"post_tag","embeddable":true,"href":"https:\/\/www.pcnen.com\/portal\/wp-json\/wp\/v2\/tags?post=95657"}],"curies":[{"name":"wp","href":"https:\/\/api.w.org\/{rel}","templated":true}]}}