{"id":95450,"date":"2012-10-02T10:32:43","date_gmt":"2012-10-02T08:32:43","guid":{"rendered":"http:\/\/www.pcnen.com\/portal\/?p=95450"},"modified":"2012-10-02T10:41:22","modified_gmt":"2012-10-02T08:41:22","slug":"ukraden-policajac","status":"publish","type":"post","link":"https:\/\/www.pcnen.com\/portal\/2012\/10\/02\/ukraden-policajac\/","title":{"rendered":"Ukraden policajac"},"content":{"rendered":"<p><a href=\"http:\/\/www.pcnen.com\/portal\/wp-content\/uploads\/2012\/10\/policajac.jpg\"><img loading=\"lazy\" decoding=\"async\" class=\"alignleft size-thumbnail wp-image-95451\" title=\"policajac\" src=\"http:\/\/www.pcnen.com\/portal\/wp-content\/uploads\/2012\/10\/policajac-150x150.jpg\" alt=\"\" width=\"150\" height=\"150\" \/><\/a>Policajac od kartona, koji je u jednom supermarketu u Jork\u0161iru postavljen kao dio preventivnih mjera protiv kra\u0111e, na\u0161ao se na meti lopova.<\/p>\n<p>Nekoliko dana nakon \u0161to je nestao, po dru\u0161tvenim mre\u017eama su po\u010dele da se pojavljuju fotografije policajca od kartona kako &#8220;obezbje\u0111uje&#8221; nekoliko razli\u010ditih ku\u0107nih \u017eurki.<\/p>\n<p>&#8220;Nevjerovatno je da je neko po\u017eelio da ukrade policajca od kartona. Nadamo se da \u0107e lopovi i da ga vrate u jednom komadu&#8221;, rekao je portparol policije koja intenzivno traga za nestalim &#8220;kolegom&#8221;.<\/p>\n<p>Policajaci od kartona nalaze se u ve\u0107ini marketa u Jork\u0161iru kao preventivna mjera za\u0161tite od kra\u0111a, a s obzirom da su se i sami na\u0161li na meti lopova, policija sada planira da ih dodatno obezbijedi odnosno, bolje zalijepi.<\/p>\n","protected":false},"excerpt":{"rendered":"<p>Policajac od kartona, koji je u jednom supermarketu u Jork\u0161iru postavljen kao dio preventivnih mjera protiv kra\u0111e, na\u0161ao se na meti lopova. Nekoliko dana nakon \u0161to je nestao, po dru\u0161tvenim mre\u017eama su po\u010dele da se pojavljuju fotografije policajca od kartona kako &#8220;obezbje\u0111uje&#8221; nekoliko razli\u010ditih ku\u0107nih \u017eurki. &#8220;Nevjerovatno je da je neko po\u017eelio da ukrade policajca [&hellip;]<\/p>\n","protected":false},"author":1,"featured_media":0,"comment_status":"open","ping_status":"closed","sticky":false,"template":"","format":"standard","meta":{"_seopress_robots_primary_cat":"","_seopress_titles_title":"","_seopress_titles_desc":"","_seopress_robots_index":"","_et_pb_use_builder":"","_et_pb_old_content":"","_et_gb_content_width":"","inline_featured_image":false,"footnotes":""},"categories":[9],"tags":[],"class_list":["post-95450","post","type-post","status-publish","format-standard","hentry","category-zanimljivosti"],"_links":{"self":[{"href":"https:\/\/www.pcnen.com\/portal\/wp-json\/wp\/v2\/posts\/95450","targetHints":{"allow":["GET"]}}],"collection":[{"href":"https:\/\/www.pcnen.com\/portal\/wp-json\/wp\/v2\/posts"}],"about":[{"href":"https:\/\/www.pcnen.com\/portal\/wp-json\/wp\/v2\/types\/post"}],"author":[{"embeddable":true,"href":"https:\/\/www.pcnen.com\/portal\/wp-json\/wp\/v2\/users\/1"}],"replies":[{"embeddable":true,"href":"https:\/\/www.pcnen.com\/portal\/wp-json\/wp\/v2\/comments?post=95450"}],"version-history":[{"count":0,"href":"https:\/\/www.pcnen.com\/portal\/wp-json\/wp\/v2\/posts\/95450\/revisions"}],"wp:attachment":[{"href":"https:\/\/www.pcnen.com\/portal\/wp-json\/wp\/v2\/media?parent=95450"}],"wp:term":[{"taxonomy":"category","embeddable":true,"href":"https:\/\/www.pcnen.com\/portal\/wp-json\/wp\/v2\/categories?post=95450"},{"taxonomy":"post_tag","embeddable":true,"href":"https:\/\/www.pcnen.com\/portal\/wp-json\/wp\/v2\/tags?post=95450"}],"curies":[{"name":"wp","href":"https:\/\/api.w.org\/{rel}","templated":true}]}}