{"id":75339,"date":"2012-02-10T17:46:15","date_gmt":"2012-02-10T16:46:15","guid":{"rendered":"http:\/\/www.pcnen.com\/portal\/?p=75339"},"modified":"2012-02-10T17:46:15","modified_gmt":"2012-02-10T16:46:15","slug":"investitor-se-oglusio-inspekcija-sama-uklonila-fasadu","status":"publish","type":"post","link":"https:\/\/www.pcnen.com\/portal\/2012\/02\/10\/investitor-se-oglusio-inspekcija-sama-uklonila-fasadu\/","title":{"rendered":"Investitor se oglu\u0161io, inspekcija sama uklonila fasadu"},"content":{"rendered":"<p>Sa stambene zgrade u Dalmatinskoj ulici u Podgorici danas su ukljonjeni ostaci demit fasade, koja je, nedavno, ve\u0107im dijelom sama pala zbog nekvalitetne gradnje.<\/p>\n<p>Po\u0161to fasadu nije ukloni ivestitor <em>Crna Gora gradnja<\/em> iz Podgorice, kako je nalo\u017eio Osjek inspekcije za gra\u0111evinarstvo Ministarstva odr\u017eivog razvoja i turizma, taj posao je uradila\u00a0 sama inspekcija.<\/p>\n<p>Djelovi fasade su uklonjeni zbog, kako je navedeno, otklanjanje neposredna opasnost za bezbjednost ljudi okoline i imovine.<\/p>\n<p><a href=\"http:\/\/www.pcnen.com\/portal\/wp-content\/uploads\/2012\/02\/ulanjanje-ostataka-fasade.jpg\"><img loading=\"lazy\" decoding=\"async\" class=\"aligncenter size-full wp-image-75340\" title=\"ulanjanje ostataka fasade\" src=\"http:\/\/www.pcnen.com\/portal\/wp-content\/uploads\/2012\/02\/ulanjanje-ostataka-fasade.jpg\" alt=\"\" width=\"400\" height=\"300\" \/><\/a><\/p>\n","protected":false},"excerpt":{"rendered":"<p>Sa stambene zgrade u Dalmatinskoj ulici u Podgorici danas su ukljonjeni ostaci demit fasade, koja je, nedavno, ve\u0107im dijelom sama pala zbog nekvalitetne gradnje.<\/p>\n","protected":false},"author":1,"featured_media":0,"comment_status":"open","ping_status":"closed","sticky":false,"template":"","format":"standard","meta":{"_seopress_robots_primary_cat":"","_seopress_titles_title":"","_seopress_titles_desc":"","_seopress_robots_index":"","_et_pb_use_builder":"","_et_pb_old_content":"","_et_gb_content_width":"","inline_featured_image":false,"footnotes":""},"categories":[10],"tags":[],"class_list":["post-75339","post","type-post","status-publish","format-standard","hentry","category-cuj-vidji-javi"],"_links":{"self":[{"href":"https:\/\/www.pcnen.com\/portal\/wp-json\/wp\/v2\/posts\/75339","targetHints":{"allow":["GET"]}}],"collection":[{"href":"https:\/\/www.pcnen.com\/portal\/wp-json\/wp\/v2\/posts"}],"about":[{"href":"https:\/\/www.pcnen.com\/portal\/wp-json\/wp\/v2\/types\/post"}],"author":[{"embeddable":true,"href":"https:\/\/www.pcnen.com\/portal\/wp-json\/wp\/v2\/users\/1"}],"replies":[{"embeddable":true,"href":"https:\/\/www.pcnen.com\/portal\/wp-json\/wp\/v2\/comments?post=75339"}],"version-history":[{"count":0,"href":"https:\/\/www.pcnen.com\/portal\/wp-json\/wp\/v2\/posts\/75339\/revisions"}],"wp:attachment":[{"href":"https:\/\/www.pcnen.com\/portal\/wp-json\/wp\/v2\/media?parent=75339"}],"wp:term":[{"taxonomy":"category","embeddable":true,"href":"https:\/\/www.pcnen.com\/portal\/wp-json\/wp\/v2\/categories?post=75339"},{"taxonomy":"post_tag","embeddable":true,"href":"https:\/\/www.pcnen.com\/portal\/wp-json\/wp\/v2\/tags?post=75339"}],"curies":[{"name":"wp","href":"https:\/\/api.w.org\/{rel}","templated":true}]}}