{"id":75334,"date":"2012-02-10T15:12:40","date_gmt":"2012-02-10T14:12:40","guid":{"rendered":"http:\/\/www.pcnen.com\/portal\/?p=75334"},"modified":"2012-02-10T15:12:40","modified_gmt":"2012-02-10T14:12:40","slug":"savjet-aim-pozitivno-ocijenio-rad-medija-u-vanrednim-uslovima","status":"publish","type":"post","link":"https:\/\/www.pcnen.com\/portal\/2012\/02\/10\/savjet-aim-pozitivno-ocijenio-rad-medija-u-vanrednim-uslovima\/","title":{"rendered":"Savjet AIM pozitivno ocijenio rad medija u vanrednim uslovima"},"content":{"rendered":"<p>Savjet Agencije za elektronske medije (AIM) je, na predlog direkora Agencije, odlu\u010dio da se u fond za ugro\u017eena podru\u010dja uplati 3.000 eura, saop\u0161teno je nakon sjednice toga tijela.<\/p>\n<p>Savjet je anlizirao rad elektronskih medija u periodu vanrednih vremenskih uslova u Crnoj Gori i konstatovao da su ti mediji pokazali profesionalnost, blagovremenost i ta\u010dnost u izvje\u0161tavanju.<\/p>\n<p>Savjet je sugerisao direktoru AEM da i dalje prati rad elektronskih medija, posebno na sjeveru Crne Gore, i da preispita mogu\u0107nost svakog oblika podr\u0161ke.<\/p>\n<p>Savjet je izrazio \u017ealjenje i solidarnost sa redakcijama Radija D i D+ uz zahtjev AEM-u da se ovim medijskim ku\u0107ama pru\u017ei stru\u010dna tehni\u010dka i materijalna pomo\u0107 u prevazila\u017eenju problema poslije po\u017eara u kome je jedna osoba izgubila \u017eivot.<\/p>\n","protected":false},"excerpt":{"rendered":"<p>Savjet Agencije za elektronske medije (AIM) je, na predlog direkora Agencije, odlu\u010dio da se u fond za ugro\u017eena podru\u010dja uplati 3.000 eura, saop\u0161teno je nakon sjednice toga tijela. Savjet je anlizirao rad elektronskih medija u periodu vanrednih vremenskih uslova u Crnoj Gori i konstatovao da su ti mediji pokazali profesionalnost, blagovremenost i ta\u010dnost u izvje\u0161tavanju. [&hellip;]<\/p>\n","protected":false},"author":1,"featured_media":0,"comment_status":"open","ping_status":"closed","sticky":false,"template":"","format":"standard","meta":{"_seopress_robots_primary_cat":"","_seopress_titles_title":"","_seopress_titles_desc":"","_seopress_robots_index":"","_et_pb_use_builder":"","_et_pb_old_content":"","_et_gb_content_width":"","inline_featured_image":false,"footnotes":""},"categories":[14],"tags":[],"class_list":["post-75334","post","type-post","status-publish","format-standard","hentry","category-vijesti"],"_links":{"self":[{"href":"https:\/\/www.pcnen.com\/portal\/wp-json\/wp\/v2\/posts\/75334","targetHints":{"allow":["GET"]}}],"collection":[{"href":"https:\/\/www.pcnen.com\/portal\/wp-json\/wp\/v2\/posts"}],"about":[{"href":"https:\/\/www.pcnen.com\/portal\/wp-json\/wp\/v2\/types\/post"}],"author":[{"embeddable":true,"href":"https:\/\/www.pcnen.com\/portal\/wp-json\/wp\/v2\/users\/1"}],"replies":[{"embeddable":true,"href":"https:\/\/www.pcnen.com\/portal\/wp-json\/wp\/v2\/comments?post=75334"}],"version-history":[{"count":0,"href":"https:\/\/www.pcnen.com\/portal\/wp-json\/wp\/v2\/posts\/75334\/revisions"}],"wp:attachment":[{"href":"https:\/\/www.pcnen.com\/portal\/wp-json\/wp\/v2\/media?parent=75334"}],"wp:term":[{"taxonomy":"category","embeddable":true,"href":"https:\/\/www.pcnen.com\/portal\/wp-json\/wp\/v2\/categories?post=75334"},{"taxonomy":"post_tag","embeddable":true,"href":"https:\/\/www.pcnen.com\/portal\/wp-json\/wp\/v2\/tags?post=75334"}],"curies":[{"name":"wp","href":"https:\/\/api.w.org\/{rel}","templated":true}]}}