{"id":75303,"date":"2012-02-10T09:14:38","date_gmt":"2012-02-10T08:14:38","guid":{"rendered":"http:\/\/www.pcnen.com\/portal\/?p=75303"},"modified":"2012-02-10T09:16:39","modified_gmt":"2012-02-10T08:16:39","slug":"zagorka-golubovic-otvoreno-pismo-tadicu","status":"publish","type":"post","link":"https:\/\/www.pcnen.com\/portal\/2012\/02\/10\/zagorka-golubovic-otvoreno-pismo-tadicu\/","title":{"rendered":"Golubovi\u0107: Otvoreno pismo Tadi\u0107u"},"content":{"rendered":"<p><a href=\"http:\/\/www.pcnen.com\/portal\/wp-content\/uploads\/2012\/02\/Zagorka-Golubovi%C4%87.jpg\"><img loading=\"lazy\" decoding=\"async\" class=\"alignleft size-full wp-image-75304\" title=\"Zagorka Golubovi\u0107\" src=\"http:\/\/www.pcnen.com\/portal\/wp-content\/uploads\/2012\/02\/Zagorka-Golubovi%C4%87.jpg\" alt=\"\" width=\"296\" height=\"170\" \/><\/a>Dragi Borise,<\/p>\n<p>zamolila sam da me primi\u0161 da Ti li\u010dno, u prijateljskom razgovoru ka\u017eem neke stvari o katastrofalnom stanju u na\u0161em dru\u0161tvu, koje saznajem putem istra\u017eivanja, a koje Tebi sigurno ne\u0107e re\u0107i ljudi iz Tvog okru\u017eenja \u2013 ali Ti si odbio da me primi\u0161, zato sam prinu\u0111ena da Ti se obratim preko javnosti, jer ose\u0107am i li\u010dnu odgovornost ako \u0107utim pred upropa\u0161\u0107ivanjem svake nade u budu\u0107nost za gra\u0111ane Srbije.<\/p>\n<p>Prvo pitanje koje sam \u017eelela da Ti postavim bilo je: da li \u017eeli\u0161 da Te gra\u0111ani upamte kao glavnog krivca za propast dru\u0161tva i zatiranje i ono malo demokratskog potencijala osvojenog 5. oktobra? A drugo pitanje glasi: za\u0161to si godinama tolerisao objavljanje lo\u0161e privatizacije, koju je inagurisao Vojislav Ko\u0161tunica, a koja je nastavljena i u periodu Tvoje vlasti, ne insistiraju\u0107i da se raskinu ugovori sa novim vlasnicima koji su namerno dovodili kupljena preduze\u0107a do ste\u010daja i bukvalno uni\u0161tavali privredu? (Mo\u017ee\u0161 re\u0107i da nije Tvoja ingerencija da se me\u0161a\u0161 u ekonomiju, ali se u procesu transformacije vlasni\u0161tva radi o posledicama na celinu dru\u0161tva, i to, svakako, jeste domen i Predsednika). Danas se postavlja pitanje: u \u010dijem interesu se nastavljaju malverzacije sa privatizacijom, uprkos dokazanim pogubnim rezultatima u ve\u0107ini privatizovanih firmi.<\/p>\n<p>Najupe\u010datljiviji je slu\u010daj \u201eJugoremedije\u201c iz Zrenjanina, odakle su posle privatizacije izba\u010deni ve\u0107ina radnika-akcionara, navodno kao \u201etehnolo\u0161ki vi\u0161ak\u201c, mada je novi vlasnik na njihovo mesto doveo svoje radnike. Ali su se proterani radnici, koji su tri godine bili na ulici, udru\u017eeni u sindikat borili da doka\u017eu da novi vlasnik ne ispunjava ni jednu obavezu iz ugovora o privatizaciji i da rastura fabriku (prodaju\u0107i nove ma\u0161ine i inventar i kupuju\u0107i nova preduze\u0107a sa tim novcem). Ali se postavlja pitanje: za\u0161to su se sudski organi oglu\u0161ivali o dokaze radnika ili su vi\u0161e puta menjali odluke koje su donosili u korist opravdanih zahteva akcionara da im se vrati fabrika i radnici na svoja radna mesta, da bi tek 2007. godine bio kona\u010dno raskinut ugovor sa novim vlasnikom, ali kada je fabrika bila dovedena do ste\u010daja?<\/p>\n<p>Pri\u010da se tu ne zavr\u0161ava. Kada su akcionari preuzeli fabriku uspeli su da isplate ogromne dugove koje je napravio biv\u0161i vlasnik, i to od svoga novca, da pokrenu pogone i nove licence lekova i da po\u010dnu uspe\u0161no da rade. Ali opet \u201enevidljiva ruka\u201c \u201etr\u017ei\u0161ne dr\u017eave\u201c 2011. godine pokre\u0107e zahtev o novoj privatizaciji \u201eJugoremedije\u201c, potpuno ignori\u0161u\u0107i uspon akcionarstva i dobre rezultate i vr\u0161e\u0107i stalne pritiske i policijske istrage navodno zbog mnogih nepravilnosti akcionara-vlasnika, koja nikada nisu dokazana. Uvode se prisilne mere koje remete rad firme, spre\u010dava se prodaja proizvedenih lekova koji ostaju na lageru, a istovremeno se sklapaju ugovori sa inostranim firmama o uvozu istih lekova, na \u0161tetu proizvoda \u201eJugoremedije\u201c. Zbog tih smetnji ponovo rastu dugovi i nekoliko meseci radnici ostaju bez prihoda, \u0161to se koristi kao potvrda da je neophodna nova prodaja firme. Sve to i mnogo drugih detalja (videti Bilten radnika i akcionara Jugoremedije A.D. Zrenjanin 14.01.2012).<\/p>\n<p>Posebno je pitanje, koje kao i mnoga druga koja se ti\u010du kazni za prekr\u0161ioca ugovora ili zakona, za\u0161to biv\u0161i vlasnici koji su kr\u0161enjem ugovora o privatizaciji, uklju\u010duju\u0107i i biv\u0161eg vlasnika \u201eJugoremedije\u201c, nisu ka\u017enjeni, a surovo se ka\u017enjavaju radnici koji ostaju bez posla godinama na ulici?<\/p>\n<p>Pored ovog pisma je sada ozbiljna pretnja ste\u010dajem \u201eJugoremedije\u201c, a ti\u010de se i svih drugih namerno proizvedenih ste\u010dajeva, kojima je upropa\u0161\u0107ena privreda. Ali je slu\u010daj \u201eJugoremedije\u201c ozbiljniji, jer je ova firma te\u0161kom borbom radnika izborila svoja prava, postala simbol slobode akcionara i neke vrste o\u017eivljavanja radni\u010dkih pokreta u borbi protiv zloupotreba vlasti, te sada\u0161nja politika koja se sprovodi prema toj firmi mo\u017ee odjeknuti u javnosti kao bezuspe\u0161ni poku\u0161aj koji ne vredi preduzimati. A to \u0107e sigurno zna\u010diti veliki minus za demokratsku vladu i Predsednika Republike, jer gra\u0111ani ne procenjuju rad Predsednika Republike samo prema onome \u0161to misle da ne \u010dini dobro, ve\u0107 i po onome \u0161to ne \u010dini, a morao bi.<\/p>\n<p>Drugim re\u010dima, zaokret u politici koji si Ti kao predsednik javno promovisao mora da se ispolji i u strategiji i u praksi u o\u0161trijem reagovanju na sve nelegalne radnje, neracionalne kompromise i zloupotrebe, koje sada neka\u017enjeno prolaze.<\/p>\n<p>Zato ovaj tes sa \u201eJugoremedijom\u201c mo\u017ee da oja\u010da poverenje gra\u0111ana u demokratsku vlast ako se pravi\u010dno re\u0161i, ili da skr\u0161i demokratsku koaliciju, ali i veru gra\u0111ana i bar minimalni demokratski potencijal dana\u0161nje Srbije, ako se dozvoli da dru\u0161tvom upravljaju tajkuni i kriminalci.<\/p>\n<p>Nadam se da Tvoje obe\u0107anje zaokreta nisu prazne re\u010di.<\/p>\n<p>Sa nadom u dobar ishod na\u0161e krivudave tranzicije,<\/p>\n<p>pozdrav od Zagorke Golubovi\u0107<\/p>\n<p><a href=\"http:\/\/www.autonomija.info\/zagorka-golubovic-otvoreno-pismo-tadicu.html\">Autonomija<\/a><\/p>\n","protected":false},"excerpt":{"rendered":"<p>Da li \u017eeli\u0161 da te gra\u0111ani upamte kao glavnog krivca za propast dru\u0161tva i zatiranje i ono malo demokratskog potencijala osvojenog 5. oktobra?<\/p>\n","protected":false},"author":1,"featured_media":0,"comment_status":"open","ping_status":"closed","sticky":false,"template":"","format":"standard","meta":{"_seopress_robots_primary_cat":"","_seopress_titles_title":"","_seopress_titles_desc":"","_seopress_robots_index":"","_et_pb_use_builder":"","_et_pb_old_content":"","_et_gb_content_width":"","inline_featured_image":false,"footnotes":""},"categories":[5],"tags":[],"class_list":["post-75303","post","type-post","status-publish","format-standard","hentry","category-drugi-pisu"],"_links":{"self":[{"href":"https:\/\/www.pcnen.com\/portal\/wp-json\/wp\/v2\/posts\/75303","targetHints":{"allow":["GET"]}}],"collection":[{"href":"https:\/\/www.pcnen.com\/portal\/wp-json\/wp\/v2\/posts"}],"about":[{"href":"https:\/\/www.pcnen.com\/portal\/wp-json\/wp\/v2\/types\/post"}],"author":[{"embeddable":true,"href":"https:\/\/www.pcnen.com\/portal\/wp-json\/wp\/v2\/users\/1"}],"replies":[{"embeddable":true,"href":"https:\/\/www.pcnen.com\/portal\/wp-json\/wp\/v2\/comments?post=75303"}],"version-history":[{"count":0,"href":"https:\/\/www.pcnen.com\/portal\/wp-json\/wp\/v2\/posts\/75303\/revisions"}],"wp:attachment":[{"href":"https:\/\/www.pcnen.com\/portal\/wp-json\/wp\/v2\/media?parent=75303"}],"wp:term":[{"taxonomy":"category","embeddable":true,"href":"https:\/\/www.pcnen.com\/portal\/wp-json\/wp\/v2\/categories?post=75303"},{"taxonomy":"post_tag","embeddable":true,"href":"https:\/\/www.pcnen.com\/portal\/wp-json\/wp\/v2\/tags?post=75303"}],"curies":[{"name":"wp","href":"https:\/\/api.w.org\/{rel}","templated":true}]}}