{"id":75300,"date":"2012-02-10T09:05:42","date_gmt":"2012-02-10T08:05:42","guid":{"rendered":"http:\/\/www.pcnen.com\/portal\/?p=75300"},"modified":"2012-02-10T09:05:42","modified_gmt":"2012-02-10T08:05:42","slug":"sa-bojovicem-uhapsen-i-%e2%80%99budala%e2%80%99","status":"publish","type":"post","link":"https:\/\/www.pcnen.com\/portal\/2012\/02\/10\/sa-bojovicem-uhapsen-i-%e2%80%99budala%e2%80%99\/","title":{"rendered":"Sa Bojovi\u0107em uhap\u0161en i \u2019Budala\u2019"},"content":{"rendered":"<p>Vladimir Milisavljevi\u0107 zvani Vlada Budala, posljednji odbjegli pripadnik Zemunskog klana, Sini\u0161a Petri\u0107 zvani Zenica i Vladimir Mijanovi\u0107 zvani Zuba trojica su dr\u017eavljana Srbije koji su sino\u0107 u \u0160paniji uhap\u0161eni s Lukom Bojovi\u0107em, saznaje beogradski <a href=\"http:\/\/www.blic.rs\/Vesti\/Hronika\/306376\/Vladimir-Milisavljevic-zvani-Vlada-Budala-uhapsen-u-Spaniji-s-Lukom-Bojovicem\"><em>Blic<\/em>.<\/a><\/p>\n<p>Svi oni su uhap\u0161eni u Valensiji, gdje im je odre\u0111en pritvor.<\/p>\n","protected":false},"excerpt":{"rendered":"<p>Vladimir Milisavljevi\u0107 zvani Vlada Budala, posljednji odbjegli pripadnik Zemunskog klana, Sini\u0161a Petri\u0107 zvani Zenica i Vladimir Mijanovi\u0107 zvani Zuba trojica su dr\u017eavljana Srbije koji su sino\u0107 u \u0160paniji uhap\u0161eni s Lukom Bojovi\u0107em, saznaje beogradski Blic. Svi oni su uhap\u0161eni u Valensiji, gdje im je odre\u0111en pritvor.<\/p>\n","protected":false},"author":1,"featured_media":0,"comment_status":"open","ping_status":"closed","sticky":false,"template":"","format":"standard","meta":{"_seopress_robots_primary_cat":"","_seopress_titles_title":"","_seopress_titles_desc":"","_seopress_robots_index":"","_et_pb_use_builder":"","_et_pb_old_content":"","_et_gb_content_width":"","inline_featured_image":false,"footnotes":""},"categories":[14],"tags":[],"class_list":["post-75300","post","type-post","status-publish","format-standard","hentry","category-vijesti"],"_links":{"self":[{"href":"https:\/\/www.pcnen.com\/portal\/wp-json\/wp\/v2\/posts\/75300","targetHints":{"allow":["GET"]}}],"collection":[{"href":"https:\/\/www.pcnen.com\/portal\/wp-json\/wp\/v2\/posts"}],"about":[{"href":"https:\/\/www.pcnen.com\/portal\/wp-json\/wp\/v2\/types\/post"}],"author":[{"embeddable":true,"href":"https:\/\/www.pcnen.com\/portal\/wp-json\/wp\/v2\/users\/1"}],"replies":[{"embeddable":true,"href":"https:\/\/www.pcnen.com\/portal\/wp-json\/wp\/v2\/comments?post=75300"}],"version-history":[{"count":0,"href":"https:\/\/www.pcnen.com\/portal\/wp-json\/wp\/v2\/posts\/75300\/revisions"}],"wp:attachment":[{"href":"https:\/\/www.pcnen.com\/portal\/wp-json\/wp\/v2\/media?parent=75300"}],"wp:term":[{"taxonomy":"category","embeddable":true,"href":"https:\/\/www.pcnen.com\/portal\/wp-json\/wp\/v2\/categories?post=75300"},{"taxonomy":"post_tag","embeddable":true,"href":"https:\/\/www.pcnen.com\/portal\/wp-json\/wp\/v2\/tags?post=75300"}],"curies":[{"name":"wp","href":"https:\/\/api.w.org\/{rel}","templated":true}]}}