{"id":75293,"date":"2012-02-10T08:42:06","date_gmt":"2012-02-10T07:42:06","guid":{"rendered":"http:\/\/www.pcnen.com\/portal\/?p=75293"},"modified":"2012-02-10T08:42:06","modified_gmt":"2012-02-10T07:42:06","slug":"dnevni-avaz-optuzio-izetbegovica-da-je-kralj-bosnjackog-podzemlja","status":"publish","type":"post","link":"https:\/\/www.pcnen.com\/portal\/2012\/02\/10\/dnevni-avaz-optuzio-izetbegovica-da-je-kralj-bosnjackog-podzemlja\/","title":{"rendered":"Dnevni avaz optu\u017eio Izetbegovi\u0107a da je kralj bo\u0161nja\u010dkog podzemlja"},"content":{"rendered":"<p>Sarajevski <em>Dnevni avaz<\/em>, u vlasni\u0161tvu Fahrudina Radon\u010di\u0107a, lidera opozicione partije Savez za bolju budu\u0107nost BiH, optu\u017eio je bo\u0161nja\u010dkog \u010dlana Predsjedni\u0161tva BiH Bakira Izetbegovi\u0107a da je \u2019kralj bo\u0161nja\u010dkog podzemlja\u2019<\/p>\n<p>\u201dO\u010digledno su razotkrivanje ubice Ramiza Delali\u0107a \u0106ele i njegovih politi\u010dkih naru\u010dilaca te su\u0111enje Turkovi\u0107evoj grupi uspani\u010dili ekipu oko Bakira Izetbegovi\u0107a. Nije nikakva tajna da je kobnih devedesetih upravo Bakir njegovao sve veze s ljudima iz podzemlja koji su se stavili u slu\u017ebu SDA ili Armije RbiH\u201d, pi\u0161e <a href=\"http:\/\/www.dnevniavaz.ba\/vijesti\/teme\/79381-kralj-bosnjackog-podzemlja-u-predsjednickoj-fotelji-zasto-bakir-svoje-leseve-podmece-drugima.html\"><em>Dnevni avaz<\/em>.<\/a><\/p>\n","protected":false},"excerpt":{"rendered":"<p>Sarajevski Dnevni avaz, u vlasni\u0161tvu Fahrudina Radon\u010di\u0107a, lidera opozicione partije Savez za bolju budu\u0107nost BiH, optu\u017eio je bo\u0161nja\u010dkog \u010dlana Predsjedni\u0161tva BiH Bakira Izetbegovi\u0107a da je \u2019kralj bo\u0161nja\u010dkog podzemlja\u2019<\/p>\n","protected":false},"author":1,"featured_media":0,"comment_status":"open","ping_status":"closed","sticky":false,"template":"","format":"standard","meta":{"_seopress_robots_primary_cat":"","_seopress_titles_title":"","_seopress_titles_desc":"","_seopress_robots_index":"","_et_pb_use_builder":"","_et_pb_old_content":"","_et_gb_content_width":"","inline_featured_image":false,"footnotes":""},"categories":[14],"tags":[],"class_list":["post-75293","post","type-post","status-publish","format-standard","hentry","category-vijesti"],"_links":{"self":[{"href":"https:\/\/www.pcnen.com\/portal\/wp-json\/wp\/v2\/posts\/75293","targetHints":{"allow":["GET"]}}],"collection":[{"href":"https:\/\/www.pcnen.com\/portal\/wp-json\/wp\/v2\/posts"}],"about":[{"href":"https:\/\/www.pcnen.com\/portal\/wp-json\/wp\/v2\/types\/post"}],"author":[{"embeddable":true,"href":"https:\/\/www.pcnen.com\/portal\/wp-json\/wp\/v2\/users\/1"}],"replies":[{"embeddable":true,"href":"https:\/\/www.pcnen.com\/portal\/wp-json\/wp\/v2\/comments?post=75293"}],"version-history":[{"count":0,"href":"https:\/\/www.pcnen.com\/portal\/wp-json\/wp\/v2\/posts\/75293\/revisions"}],"wp:attachment":[{"href":"https:\/\/www.pcnen.com\/portal\/wp-json\/wp\/v2\/media?parent=75293"}],"wp:term":[{"taxonomy":"category","embeddable":true,"href":"https:\/\/www.pcnen.com\/portal\/wp-json\/wp\/v2\/categories?post=75293"},{"taxonomy":"post_tag","embeddable":true,"href":"https:\/\/www.pcnen.com\/portal\/wp-json\/wp\/v2\/tags?post=75293"}],"curies":[{"name":"wp","href":"https:\/\/api.w.org\/{rel}","templated":true}]}}