{"id":75278,"date":"2012-02-09T23:43:39","date_gmt":"2012-02-09T22:43:39","guid":{"rendered":"http:\/\/www.pcnen.com\/portal\/?p=75278"},"modified":"2012-02-09T23:43:39","modified_gmt":"2012-02-09T22:43:39","slug":"al-sabaab-se-pridruzila-al-kaidi","status":"publish","type":"post","link":"https:\/\/www.pcnen.com\/portal\/2012\/02\/09\/al-sabaab-se-pridruzila-al-kaidi\/","title":{"rendered":"Al \u0160abaab se pridru\u017eila Al Kaidi"},"content":{"rendered":"<p>Somalijska ekstremisti\u010dka grupa Al \u0160abaab se pridru\u017eila mre\u017ei Al Kaida, potvrdio je lider te teroristi\u010dke mre\u017ee Ajman al Zavahri u video poruci danas objavljenoj na Islamskom internet forumu.<\/p>\n<p>\u201dJa \u0107u saop\u0161titi dobre vijesti na\u0161oj islamskoj naciji, koje \u0107e iznervirati krsta\u0161e, a to je da se pokret \u0160abaab iz Somalije pridru\u017eio Al Kaidi\u201d, potvrdio je Zavahri, prenijele su agencije.<\/p>\n<p>Prema najnovijim procjenama, Al \u0160abaab ima 14.426 pripadnika i sebe opisuju kao pobornike d\u017eihada protiv \u201dneprijatelja islama\u201d.<\/p>\n","protected":false},"excerpt":{"rendered":"<p>Somalijska ekstremisti\u010dka grupa Al \u0160abaab se pridru\u017eila mre\u017ei Al Kaida, potvrdio je lider te teroristi\u010dke mre\u017ee Ajman al Zavahri u video poruci danas objavljenoj na Islamskom internet forumu.<\/p>\n","protected":false},"author":1,"featured_media":0,"comment_status":"open","ping_status":"closed","sticky":false,"template":"","format":"standard","meta":{"_seopress_robots_primary_cat":"","_seopress_titles_title":"","_seopress_titles_desc":"","_seopress_robots_index":"","_et_pb_use_builder":"","_et_pb_old_content":"","_et_gb_content_width":"","inline_featured_image":false,"footnotes":""},"categories":[14],"tags":[],"class_list":["post-75278","post","type-post","status-publish","format-standard","hentry","category-vijesti"],"_links":{"self":[{"href":"https:\/\/www.pcnen.com\/portal\/wp-json\/wp\/v2\/posts\/75278","targetHints":{"allow":["GET"]}}],"collection":[{"href":"https:\/\/www.pcnen.com\/portal\/wp-json\/wp\/v2\/posts"}],"about":[{"href":"https:\/\/www.pcnen.com\/portal\/wp-json\/wp\/v2\/types\/post"}],"author":[{"embeddable":true,"href":"https:\/\/www.pcnen.com\/portal\/wp-json\/wp\/v2\/users\/1"}],"replies":[{"embeddable":true,"href":"https:\/\/www.pcnen.com\/portal\/wp-json\/wp\/v2\/comments?post=75278"}],"version-history":[{"count":0,"href":"https:\/\/www.pcnen.com\/portal\/wp-json\/wp\/v2\/posts\/75278\/revisions"}],"wp:attachment":[{"href":"https:\/\/www.pcnen.com\/portal\/wp-json\/wp\/v2\/media?parent=75278"}],"wp:term":[{"taxonomy":"category","embeddable":true,"href":"https:\/\/www.pcnen.com\/portal\/wp-json\/wp\/v2\/categories?post=75278"},{"taxonomy":"post_tag","embeddable":true,"href":"https:\/\/www.pcnen.com\/portal\/wp-json\/wp\/v2\/tags?post=75278"}],"curies":[{"name":"wp","href":"https:\/\/api.w.org\/{rel}","templated":true}]}}