{"id":75269,"date":"2012-02-09T21:47:37","date_gmt":"2012-02-09T20:47:37","guid":{"rendered":"http:\/\/www.pcnen.com\/portal\/?p=75269"},"modified":"2012-02-09T21:47:37","modified_gmt":"2012-02-09T20:47:37","slug":"kalinic-i-milovanovic-bili-kratko-na-slobodi","status":"publish","type":"post","link":"https:\/\/www.pcnen.com\/portal\/2012\/02\/09\/kalinic-i-milovanovic-bili-kratko-na-slobodi\/","title":{"rendered":"Kalini\u0107 i Milovanovi\u0107 bili kratko na slobodi"},"content":{"rendered":"<p>Sretko Kalini\u0107 i \u017deljko Milovanovi\u0107 nijesu samo <a title=\"Osuje\u0107eno bjekstvo Kalini\u0107a i Milovanovi\u0107a\" href=\"http:\/\/www.pcnen.com\/portal\/2012\/02\/07\/osujeceno-bjekstvo-kalinica-i-milovanovica\/\">poku\u0161ali bjekstvo<\/a> iz pritvorske jedinice Specijalnog suda u Beogradu, ve\u0107 su u tome skoro i uspjeli. \u010cinjenica da ih je u bjekstvu sprije\u010dio pripadnik \u017dandarmerije govori da su obojica, makar i samo na trenutak, uspjeli da se domognu slobode, pi\u0161e beogradska<a href=\"http:\/\/www.politika.rs\/rubrike\/Hronika\/Kalinic-i-Milovanovic-bili-kratko-na-slobodi.lt.html\"> <em>Politika<\/em>.<\/a><\/p>\n<p>\u201d\u010citavu zgradu pritvorske jedinice, kao i zatvorsko dvori\u0161te obezbe\u0111uje sudska stra\u017ea, a ne \u017dandarmerija. Pripadnici \u017dandarmerije obezbe\u0111uju zgradu samo spolja. Ukoliko ih je u bekstvu zaustavio \u017eandarm, to zna\u010di da su uspeli da iza\u0111u izvan kruga zatvora\u201d, ka\u017ee izvor <em>Politike<\/em>, upoznat sa detaljima doga\u0111aja koji je uznemirio javnost, ocjenjuju\u0107i da se razlikuju informacije koje su objavljene o mjestu gdje su zaustavljena dvojica pritvorenika.<\/p>\n","protected":false},"excerpt":{"rendered":"<p>Sretko Kalini\u0107 i \u017deljko Milovanovi\u0107 nijesu samo poku\u0161ali bjekstvo iz pritvorske jedinice Specijalnog suda u Beogradu, ve\u0107 su u tome skoro i uspjeli. \u010cinjenica da ih je u bjekstvu sprije\u010dio pripadnik \u017dandarmerije govori da su obojica, makar i samo na trenutak, uspjeli da se domognu slobode, pi\u0161e beogradska Politika.<\/p>\n","protected":false},"author":1,"featured_media":0,"comment_status":"open","ping_status":"closed","sticky":false,"template":"","format":"standard","meta":{"_seopress_robots_primary_cat":"","_seopress_titles_title":"","_seopress_titles_desc":"","_seopress_robots_index":"","_et_pb_use_builder":"","_et_pb_old_content":"","_et_gb_content_width":"","inline_featured_image":false,"footnotes":""},"categories":[14],"tags":[],"class_list":["post-75269","post","type-post","status-publish","format-standard","hentry","category-vijesti"],"_links":{"self":[{"href":"https:\/\/www.pcnen.com\/portal\/wp-json\/wp\/v2\/posts\/75269","targetHints":{"allow":["GET"]}}],"collection":[{"href":"https:\/\/www.pcnen.com\/portal\/wp-json\/wp\/v2\/posts"}],"about":[{"href":"https:\/\/www.pcnen.com\/portal\/wp-json\/wp\/v2\/types\/post"}],"author":[{"embeddable":true,"href":"https:\/\/www.pcnen.com\/portal\/wp-json\/wp\/v2\/users\/1"}],"replies":[{"embeddable":true,"href":"https:\/\/www.pcnen.com\/portal\/wp-json\/wp\/v2\/comments?post=75269"}],"version-history":[{"count":0,"href":"https:\/\/www.pcnen.com\/portal\/wp-json\/wp\/v2\/posts\/75269\/revisions"}],"wp:attachment":[{"href":"https:\/\/www.pcnen.com\/portal\/wp-json\/wp\/v2\/media?parent=75269"}],"wp:term":[{"taxonomy":"category","embeddable":true,"href":"https:\/\/www.pcnen.com\/portal\/wp-json\/wp\/v2\/categories?post=75269"},{"taxonomy":"post_tag","embeddable":true,"href":"https:\/\/www.pcnen.com\/portal\/wp-json\/wp\/v2\/tags?post=75269"}],"curies":[{"name":"wp","href":"https:\/\/api.w.org\/{rel}","templated":true}]}}