{"id":75258,"date":"2012-02-09T20:53:43","date_gmt":"2012-02-09T19:53:43","guid":{"rendered":"http:\/\/www.pcnen.com\/portal\/?p=75258"},"modified":"2012-02-09T20:53:43","modified_gmt":"2012-02-09T19:53:43","slug":"turski-bezbjednjaci-surovali-s-kurdskim-separatistima","status":"publish","type":"post","link":"https:\/\/www.pcnen.com\/portal\/2012\/02\/09\/turski-bezbjednjaci-surovali-s-kurdskim-separatistima\/","title":{"rendered":"Turski bezbjednjaci \u0161urovali s kurdskim separatistima?"},"content":{"rendered":"<p>U Turskoj je izbio skandal povodom aktivnosti nacionalne obavje\u0161tajne slu\u017ebe koju uprava bezbjednosti zemlje optu\u017euje za tajni dogovor sa kurdskim separatistima, pi\u0161u turski mediji.<\/p>\n<p>Prema dokazima koje posjeduje tu\u017eila\u0161tvo, predstavnici obavje\u0161tajne slu\u017ebe su, navodno, dali niz obe\u0107anja na tajnim pregovorima liderima kurdskih separatista i nijesu o tome informisali rukovodstvo zemlje, posjedovali su informacije o pripremi akcija nasilja, ali nijesu poku\u0161avali da ih sprije\u010de, niti su obavje\u0161tavali lokalne uprave bezbjednosti.<\/p>\n<p>Posmatra\u010di ka\u017eu da je skandal rezultat najmanje dvogodi\u0161nje suprotstavljenosti obavje\u0161tajaca i uprave bezbjednosti.<\/p>\n","protected":false},"excerpt":{"rendered":"<p>U Turskoj je izbio skandal povodom aktivnosti nacionalne obavje\u0161tajne slu\u017ebe koju uprava bezbjednosti zemlje optu\u017euje za tajni dogovor sa kurdskim separatistima, pi\u0161u turski mediji.<\/p>\n","protected":false},"author":1,"featured_media":0,"comment_status":"open","ping_status":"closed","sticky":false,"template":"","format":"standard","meta":{"_seopress_robots_primary_cat":"","_seopress_titles_title":"","_seopress_titles_desc":"","_seopress_robots_index":"","_et_pb_use_builder":"","_et_pb_old_content":"","_et_gb_content_width":"","inline_featured_image":false,"footnotes":""},"categories":[14],"tags":[],"class_list":["post-75258","post","type-post","status-publish","format-standard","hentry","category-vijesti"],"_links":{"self":[{"href":"https:\/\/www.pcnen.com\/portal\/wp-json\/wp\/v2\/posts\/75258","targetHints":{"allow":["GET"]}}],"collection":[{"href":"https:\/\/www.pcnen.com\/portal\/wp-json\/wp\/v2\/posts"}],"about":[{"href":"https:\/\/www.pcnen.com\/portal\/wp-json\/wp\/v2\/types\/post"}],"author":[{"embeddable":true,"href":"https:\/\/www.pcnen.com\/portal\/wp-json\/wp\/v2\/users\/1"}],"replies":[{"embeddable":true,"href":"https:\/\/www.pcnen.com\/portal\/wp-json\/wp\/v2\/comments?post=75258"}],"version-history":[{"count":0,"href":"https:\/\/www.pcnen.com\/portal\/wp-json\/wp\/v2\/posts\/75258\/revisions"}],"wp:attachment":[{"href":"https:\/\/www.pcnen.com\/portal\/wp-json\/wp\/v2\/media?parent=75258"}],"wp:term":[{"taxonomy":"category","embeddable":true,"href":"https:\/\/www.pcnen.com\/portal\/wp-json\/wp\/v2\/categories?post=75258"},{"taxonomy":"post_tag","embeddable":true,"href":"https:\/\/www.pcnen.com\/portal\/wp-json\/wp\/v2\/tags?post=75258"}],"curies":[{"name":"wp","href":"https:\/\/api.w.org\/{rel}","templated":true}]}}