{"id":75246,"date":"2012-02-09T20:00:26","date_gmt":"2012-02-09T19:00:26","guid":{"rendered":"http:\/\/www.pcnen.com\/portal\/?p=75246"},"modified":"2012-02-09T20:00:26","modified_gmt":"2012-02-09T19:00:26","slug":"nemacki-evro","status":"publish","type":"post","link":"https:\/\/www.pcnen.com\/portal\/2012\/02\/09\/nemacki-evro\/","title":{"rendered":"Nema\u010dki evro"},"content":{"rendered":"<p><a href=\"http:\/\/www.pcnen.com\/portal\/wp-content\/uploads\/2012\/02\/njema%C4%8Dki-euro.jpg\"><img loading=\"lazy\" decoding=\"async\" class=\"alignleft size-medium wp-image-75247\" title=\"njema\u010dki euro\" src=\"http:\/\/www.pcnen.com\/portal\/wp-content\/uploads\/2012\/02\/njema%C4%8Dki-euro-300x134.jpg\" alt=\"\" width=\"300\" height=\"134\" \/><\/a>Pi\u0161e: Jacques <strong>ATTALI<\/strong><\/p>\n<p>Po svemu sude\u0107i, Nema\u010dka preuzima vlast u Evropi, i niko je za to ne mo\u017ee kriviti: ona radi ono \u0161to mora, u sopstvenom interesu. Ove nedelje, to potvr\u0111uju \u010detiri informacije:<\/p>\n<p>&#8211; Kina je sada najve\u0107i trgovinski partner Nema\u010dke, va\u017eniji od Francuske. Tamo je ve\u0107 prisutno 5.000 nema\u010dkih kompanija, u pore\u0111enju sa manje od 900 francuskih.<\/p>\n<p>&#8211; Dvanaest najve\u0107ih nema\u010dkih kompanija, uklju\u010duju\u0107i gigante hemijske, automobilske, \u010deli\u010dne i elektronske industrije, udru\u017eile su se u kompaniju pod nazivom \u201eAlliance\u201c, kako bi obezbedile pristup najva\u017enijim sirovinama, pogotovo retkim metalima, klju\u010dnim za industriju sutra\u0161njice. Njima su naro\u010dito bogate Kina, Mongolija, Japan, i neke dr\u017eave u Africi i Latinskoj Americi.<\/p>\n<p>&#8211; Nema\u010dki ministar finansija pozvao je u Berlin, drugi put za tri nedelje, ministre nekoliko evropskih zemalja, bez Francuske, da razgovaraju o krizi evra, a nekoliko dana kasnije pozvao je francuskog ministra finansija i preneo mu rezultate razgovora.<\/p>\n<p>&#8211; Na kraju, predsednik najve\u0107e nema\u010dke banke upravo je objavio da njegovoj banci najverovatnije ne\u0107e biti potrebna pomo\u0107 koju \u0107e Evropska centralna banka ponovo pru\u017eiti svim evropskim bankama krajem februara.<\/p>\n<p>Tako se Nema\u010dka, prvi put u ovom kratkom demokratskom periodu u svojoj istoriji, na\u0161la u situaciji da dominira Evropom. Ne mo\u017eemo je za to kriviti. Francuska, oslabljena svojom razorenom privredom, gubitkom kreditnog rejtinga i izbornom neizvesno\u0161\u0107u, mo\u017ee jedino sebe da krivi \u0161to je isklju\u010dena iz evropskih tokova. Dru\u0161tvene institucije, budu\u0107i slabe i birokratizovane, nisu uspele da preuzmu taj zadatak.<\/p>\n<p>Ve\u0107 mo\u017eemo videti posledice: u svim oblastima, Evropljani su odsutni. \u010cak im je i nametnuta, uz potpuni muk politi\u010dkih lidera, izgradnja antiraketnog \u0161tita pod ameri\u010dkom kontrolom, \u010dija je centralna komanda upravo u Nema\u010dkoj; po svojoj prirodi, taj \u0161tit \u0107e uni\u0161titi kredibilitet svakog drugog nuklearnog naoru\u017eanja, pa samim tim i francuskog, na \u010demu se ve\u0107 dugo radilo. Za to vreme, na Minhenskoj bezbednosnoj konferenciji nije postignut nikakav napredak povodom zajedni\u010dke evropske odbrambene strukture.<\/p>\n<p>\u201eNema\u010dka Evropa\u201c je samim tim i \u201eameri\u010dka Evropa\u201c, budu\u0107i da njena spoljna i bezbednosna politika zavisi od SAD. Naravno, na kraju \u0107e i Nema\u010dka biti \u017ertvovana, zbog sopstvenih problema, demografskih i finansijskih.<\/p>\n<p>Jedno od najva\u017enijih pitanja predsedni\u010dke kampanje jeste da li treba, i kako, obnoviti francusko-nema\u010dke veze? Bez politizacije: one moraju postojati bez obzira na to ko je na vlasti u Francuskoj i Nema\u010dkoj. Nikola Sarkozi gre\u0161i kada ka\u017ee da nema\u010dka kancelarka mo\u017ee da sara\u0111uje jedino sa njim. U prvom redu, zato \u0161to su tokom njegovog mandata ove veze oslabljene do te mere da nas Nema\u010dka zaobilazi. Zatim, jer nas istorija u\u010di da su sudbine nema\u010dkih i francuskih lidera, bez obzira na to ko su, uvek povezane. Na kraju, zato \u0161to Francuzi ne \u017eele da im bilo ko drugi bira predsednika.<\/p>\n<p><a href=\"http:\/\/pescanik.net\/2012\/02\/nemacki-evro\/\">Pe\u0161\u010danik.net<\/a>\/<a href=\"http:\/\/blogs.lexpress.fr\/attali\/2012\/02\/06\/demain-euro-allemagne\/\"> L\u2019Express Blog<\/a><\/p>\n","protected":false},"excerpt":{"rendered":"<p>Tako se Nema\u010dka, prvi put u ovom kratkom demokratskom periodu u svojoj istoriji, na\u0161la u situaciji da dominira Evropom. Ne mo\u017eemo je za to kriviti.<\/p>\n","protected":false},"author":1,"featured_media":0,"comment_status":"open","ping_status":"closed","sticky":false,"template":"","format":"standard","meta":{"_seopress_robots_primary_cat":"","_seopress_titles_title":"","_seopress_titles_desc":"","_seopress_robots_index":"","_et_pb_use_builder":"","_et_pb_old_content":"","_et_gb_content_width":"","inline_featured_image":false,"footnotes":""},"categories":[5],"tags":[],"class_list":["post-75246","post","type-post","status-publish","format-standard","hentry","category-drugi-pisu"],"_links":{"self":[{"href":"https:\/\/www.pcnen.com\/portal\/wp-json\/wp\/v2\/posts\/75246","targetHints":{"allow":["GET"]}}],"collection":[{"href":"https:\/\/www.pcnen.com\/portal\/wp-json\/wp\/v2\/posts"}],"about":[{"href":"https:\/\/www.pcnen.com\/portal\/wp-json\/wp\/v2\/types\/post"}],"author":[{"embeddable":true,"href":"https:\/\/www.pcnen.com\/portal\/wp-json\/wp\/v2\/users\/1"}],"replies":[{"embeddable":true,"href":"https:\/\/www.pcnen.com\/portal\/wp-json\/wp\/v2\/comments?post=75246"}],"version-history":[{"count":0,"href":"https:\/\/www.pcnen.com\/portal\/wp-json\/wp\/v2\/posts\/75246\/revisions"}],"wp:attachment":[{"href":"https:\/\/www.pcnen.com\/portal\/wp-json\/wp\/v2\/media?parent=75246"}],"wp:term":[{"taxonomy":"category","embeddable":true,"href":"https:\/\/www.pcnen.com\/portal\/wp-json\/wp\/v2\/categories?post=75246"},{"taxonomy":"post_tag","embeddable":true,"href":"https:\/\/www.pcnen.com\/portal\/wp-json\/wp\/v2\/tags?post=75246"}],"curies":[{"name":"wp","href":"https:\/\/api.w.org\/{rel}","templated":true}]}}