{"id":75232,"date":"2012-02-09T18:07:33","date_gmt":"2012-02-09T17:07:33","guid":{"rendered":"http:\/\/www.pcnen.com\/portal\/?p=75232"},"modified":"2012-02-09T18:07:33","modified_gmt":"2012-02-09T17:07:33","slug":"teska-elektroenergetsku-situaciju-u-crnoj-gori","status":"publish","type":"post","link":"https:\/\/www.pcnen.com\/portal\/2012\/02\/09\/teska-elektroenergetsku-situaciju-u-crnoj-gori\/","title":{"rendered":"Te\u0161ka elektroenergetsku situaciju u Crnoj Gori"},"content":{"rendered":"<p><a href=\"http:\/\/www.pcnen.com\/portal\/wp-content\/uploads\/2011\/11\/restrikcija.jpg\"><img loading=\"lazy\" decoding=\"async\" class=\"alignleft size-thumbnail wp-image-68077\" title=\"restrikcija\" src=\"http:\/\/www.pcnen.com\/portal\/wp-content\/uploads\/2011\/11\/restrikcija-150x150.jpg\" alt=\"\" width=\"150\" height=\"150\" \/><\/a>Niske temperature u zemlji i regionu prouzrokovale su porast potro\u0161nje elektri\u010dne energije i te\u0161ku elektroenergetsku situaciju u Crnoj Gori i zemljama regiona, saop\u0161tila je Elektroprivreda CG.<\/p>\n<p>Talas ekstremne hladno\u0107e uslovio je veliku konstantnu dnevnu potro\u0161nju u Crnoj Gori od skoro 15 miliona kWh i veliku optere\u0107enost prenosne i distibutivne mre\u017ee.<\/p>\n<p>EPCG ula\u017ee maksimalni i vanredni napor da iz sopstvenih kapaciteta i dodatnim uvozom odr\u017ei uredno snabdijevanje elektri\u010dnom energijom, ali se u me\u0111uvremenu priprema i plan uvo\u0111enja restrikcija u slu\u010daju da se dodatno pogor\u0161aju energetske prilike.<\/p>\n<p>Me\u0111unarodno tr\u017ei\u0161te je dodatno poreme\u0107eno uslijed odluke Bugarske i BiH da obustave izvoz elektri\u010dne energije, a do\u0161lo je i do obustave isporuke elektri\u010dne energije preko podmorskog kabla izme\u0111u Italije i Gr\u010dke. Nepovoljno stanje u \u010ditavom regionu dovodi do situacije u kojoj se elektri\u010dna energija sve te\u017ee nabavlja a cijene na berzama vrtoglavo rastu i trenutno prelaze 130 \u20ac\/MWh. Situaciju komplikuje i otkazivanje ugovorene isporuke elektri\u010dne energije od me\u0111unarodnih trgovaca koji na evropskom tr\u017ei\u0161tu ne mogu da obezbijede potrebne ugovorene koli\u010dine energije.<\/p>\n<p>Smanjena proizvodnja hidroelektrana dodatno uslo\u017enjava situaciju zbog skoro praznih akumulacija i niskih dotoka. Snije\u017ene padavine ne pove\u0107avaju nivo akumulacija i dotoka, a trenutni dotok HE Peru\u0107ica je samo 10 odsto od prosjeka.<\/p>\n<p>Trenutno svi gradovi na podru\u010dju Crne Gore imaju uredno napajanje elektri\u010dnom energijom, sa izuzetkom dijela seoskih podru\u010dja zbog nepristupa\u010dnosti i zavijanih puteva. Dio seoskih podru\u010dja Podgorice je bez napajanja uslijed kvarova prouzrokovanih olujnim vjetrom, a dijelom i zbog zavijanih puteva na vi\u0161im nadmorskim visinama. Veoma niske temperature, snije\u017ene padavine i optere\u0107enja na mre\u017ei dovode do brojnih kvarova opreme i ote\u017eanog rada ljudi na terenu. Svi raspolo\u017eivi kapaciteti i resursi EPCG neprekidno su anga\u017eovani na odr\u017eavanju proizvodnje i distribucije energije i otklanjanju kvarova u najkra\u0107em mogu\u0107em roku, a tako\u0111e su oformljeni i krizni \u0161tabovi i organizovana danono\u0107na de\u017eurstva. Molimo potro\u0161a\u010de da imaju razumijevanja, jer plan otklanjanja o\u0161te\u0107enja u kriznim okolnostima podrazumijeva rad po prioritetima, \u0161to zna\u010di otklanjanje prvo kvarova na 35 kV nivou, zatim 10 kV, nakon \u010dega na red dolaze o\u0161te\u0107enja na niskonaponskom nivou, pi\u0161e u saop\u0161tenju dostavljenom medijima.<\/p>\n<p>Pored svih napora da se odr\u017ei stabilnost snabdijevanja, uslijed prognoza da \u0107e se rekordno niske temperature zadr\u017eati i u narednom periodu, EPCG apeluje na privredna dru\u0161tva, lokalne samouprave i gra\u0111ane da racionalno tro\u0161e elektri\u010dnu energiju.<\/p>\n","protected":false},"excerpt":{"rendered":"<p>Niske temperature u zemlji i regionu prouzrokovale su porast potro\u0161nje elektri\u010dne energije i te\u0161ku elektroenergetsku situaciju u Crnoj Gori i zemljama regiona, saop\u0161tila je Elektroprivreda CG. Talas ekstremne hladno\u0107e uslovio je veliku konstantnu dnevnu potro\u0161nju u Crnoj Gori od skoro 15 miliona kWh i veliku optere\u0107enost prenosne i distibutivne mre\u017ee. EPCG ula\u017ee maksimalni i vanredni [&hellip;]<\/p>\n","protected":false},"author":1,"featured_media":0,"comment_status":"open","ping_status":"closed","sticky":false,"template":"","format":"standard","meta":{"_seopress_robots_primary_cat":"","_seopress_titles_title":"","_seopress_titles_desc":"","_seopress_robots_index":"","_et_pb_use_builder":"","_et_pb_old_content":"","_et_gb_content_width":"","inline_featured_image":false,"footnotes":""},"categories":[14,12],"tags":[],"class_list":["post-75232","post","type-post","status-publish","format-standard","hentry","category-vijesti","category-prica-dana"],"_links":{"self":[{"href":"https:\/\/www.pcnen.com\/portal\/wp-json\/wp\/v2\/posts\/75232","targetHints":{"allow":["GET"]}}],"collection":[{"href":"https:\/\/www.pcnen.com\/portal\/wp-json\/wp\/v2\/posts"}],"about":[{"href":"https:\/\/www.pcnen.com\/portal\/wp-json\/wp\/v2\/types\/post"}],"author":[{"embeddable":true,"href":"https:\/\/www.pcnen.com\/portal\/wp-json\/wp\/v2\/users\/1"}],"replies":[{"embeddable":true,"href":"https:\/\/www.pcnen.com\/portal\/wp-json\/wp\/v2\/comments?post=75232"}],"version-history":[{"count":0,"href":"https:\/\/www.pcnen.com\/portal\/wp-json\/wp\/v2\/posts\/75232\/revisions"}],"wp:attachment":[{"href":"https:\/\/www.pcnen.com\/portal\/wp-json\/wp\/v2\/media?parent=75232"}],"wp:term":[{"taxonomy":"category","embeddable":true,"href":"https:\/\/www.pcnen.com\/portal\/wp-json\/wp\/v2\/categories?post=75232"},{"taxonomy":"post_tag","embeddable":true,"href":"https:\/\/www.pcnen.com\/portal\/wp-json\/wp\/v2\/tags?post=75232"}],"curies":[{"name":"wp","href":"https:\/\/api.w.org\/{rel}","templated":true}]}}