{"id":75120,"date":"2012-02-08T19:15:06","date_gmt":"2012-02-08T18:15:06","guid":{"rendered":"http:\/\/www.pcnen.com\/portal\/?p=75120"},"modified":"2012-02-08T19:17:41","modified_gmt":"2012-02-08T18:17:41","slug":"apel-operativnog-staba-za-vanredne-situacije","status":"publish","type":"post","link":"https:\/\/www.pcnen.com\/portal\/2012\/02\/08\/apel-operativnog-staba-za-vanredne-situacije\/","title":{"rendered":"Apel Operativnog \u0161taba za vanredne situacije"},"content":{"rendered":"<p><a href=\"http:\/\/www.pcnen.com\/portal\/wp-content\/uploads\/2012\/02\/%C5%A1tedljiva-sijalica.jpg\"><img loading=\"lazy\" decoding=\"async\" class=\"alignleft size-thumbnail wp-image-75121\" title=\"\u0161tedljiva sijalica\" src=\"http:\/\/www.pcnen.com\/portal\/wp-content\/uploads\/2012\/02\/%C5%A1tedljiva-sijalica-150x150.jpg\" alt=\"\" width=\"150\" height=\"150\" \/><\/a>Operativni \u0161tab za vanredne situacije apeluje na gra\u0111ane i privredne subjekte u Crnoj Gori da potro\u0161nju elektri\u010dne energije svedu na \u0161to manju mjeru i \u0161to racionalnije tro\u0161e u narednom periodu, kako bi se energetski sistem odr\u017eao i kako ne bi do\u0161lo do neminovnih restrikcija, kao i havarija na prenosnoj i distributivnoj mre\u017ei.<\/p>\n","protected":false},"excerpt":{"rendered":"<p>Svedite potro\u0161nju struje na \u0161to manju mjeru!<\/p>\n","protected":false},"author":1,"featured_media":0,"comment_status":"open","ping_status":"closed","sticky":false,"template":"","format":"standard","meta":{"_seopress_robots_primary_cat":"","_seopress_titles_title":"","_seopress_titles_desc":"","_seopress_robots_index":"","_et_pb_use_builder":"","_et_pb_old_content":"","_et_gb_content_width":"","inline_featured_image":false,"footnotes":""},"categories":[14,12],"tags":[],"class_list":["post-75120","post","type-post","status-publish","format-standard","hentry","category-vijesti","category-prica-dana"],"_links":{"self":[{"href":"https:\/\/www.pcnen.com\/portal\/wp-json\/wp\/v2\/posts\/75120","targetHints":{"allow":["GET"]}}],"collection":[{"href":"https:\/\/www.pcnen.com\/portal\/wp-json\/wp\/v2\/posts"}],"about":[{"href":"https:\/\/www.pcnen.com\/portal\/wp-json\/wp\/v2\/types\/post"}],"author":[{"embeddable":true,"href":"https:\/\/www.pcnen.com\/portal\/wp-json\/wp\/v2\/users\/1"}],"replies":[{"embeddable":true,"href":"https:\/\/www.pcnen.com\/portal\/wp-json\/wp\/v2\/comments?post=75120"}],"version-history":[{"count":0,"href":"https:\/\/www.pcnen.com\/portal\/wp-json\/wp\/v2\/posts\/75120\/revisions"}],"wp:attachment":[{"href":"https:\/\/www.pcnen.com\/portal\/wp-json\/wp\/v2\/media?parent=75120"}],"wp:term":[{"taxonomy":"category","embeddable":true,"href":"https:\/\/www.pcnen.com\/portal\/wp-json\/wp\/v2\/categories?post=75120"},{"taxonomy":"post_tag","embeddable":true,"href":"https:\/\/www.pcnen.com\/portal\/wp-json\/wp\/v2\/tags?post=75120"}],"curies":[{"name":"wp","href":"https:\/\/api.w.org\/{rel}","templated":true}]}}