{"id":74656,"date":"2012-02-04T08:44:26","date_gmt":"2012-02-04T07:44:26","guid":{"rendered":"http:\/\/www.pcnen.com\/portal\/?p=74656"},"modified":"2012-02-04T08:44:26","modified_gmt":"2012-02-04T07:44:26","slug":"stanje-na-putevima-zatvoreno-od-podgorice-do-bijelog-polja","status":"publish","type":"post","link":"https:\/\/www.pcnen.com\/portal\/2012\/02\/04\/stanje-na-putevima-zatvoreno-od-podgorice-do-bijelog-polja\/","title":{"rendered":"Stanje na putevima: Zatvoreno od  Podgorice do Bijelog Polja"},"content":{"rendered":"<p><a href=\"http:\/\/www.pcnen.com\/portal\/wp-content\/uploads\/2012\/02\/snijeg-blokirao-saobra%C4%87ajnice.jpeg\"><img loading=\"lazy\" decoding=\"async\" class=\"alignleft size-thumbnail wp-image-74657\" title=\"snijeg blokirao saobra\u0107ajnice\" src=\"http:\/\/www.pcnen.com\/portal\/wp-content\/uploads\/2012\/02\/snijeg-blokirao-saobra%C4%87ajnice-150x150.jpg\" alt=\"\" width=\"150\" height=\"150\" \/><\/a>Zbog snije\u017enih nanosa i usova vi\u0161e drumskih saobra\u0107ajnica u Crnoj Gori je jutros van upotrebe.<\/p>\n<p>Neprohodan je magistralni put Podgorica \u2013 Kola\u0161in, Kola\u0161in &#8211; Mojkovac, Mojkovac &#8211; Bijelo Polje, Mojkovac &#8211; \u0110ur\u0111evi\u0107a Tara. Saobra\u0107aj nije mogu\u0107 ni od Nik\u0161i\u0107a do Plu\u017eina, niti od te varo\u0161ice do \u0160\u0107epan polja na granici sa BiH.<\/p>\n<p>Ote\u017ean je saobra\u0107aj na putevima Podgorica &#8211; Cetinje, Tuzi &#8211; Bo\u017eaj i Berane &#8211; Ro\u017eaje.<\/p>\n<p>Kamionima sa prikolicom i \u0161leperima nije dozvoljeno kretanje na putevima Podgorica-Cetinje i Vilusi-Vra\u0107enovi\u0107i.<\/p>\n","protected":false},"excerpt":{"rendered":"<p>Zbog snije\u017enih nanosa i usova vi\u0161e drumskih saobra\u0107ajnica u Crnoj Gori je jutros van upotrebe.<\/p>\n","protected":false},"author":1,"featured_media":0,"comment_status":"open","ping_status":"closed","sticky":false,"template":"","format":"standard","meta":{"_seopress_robots_primary_cat":"","_seopress_titles_title":"","_seopress_titles_desc":"","_seopress_robots_index":"","_et_pb_use_builder":"","_et_pb_old_content":"","_et_gb_content_width":"","inline_featured_image":false,"footnotes":""},"categories":[14,12],"tags":[],"class_list":["post-74656","post","type-post","status-publish","format-standard","hentry","category-vijesti","category-prica-dana"],"_links":{"self":[{"href":"https:\/\/www.pcnen.com\/portal\/wp-json\/wp\/v2\/posts\/74656","targetHints":{"allow":["GET"]}}],"collection":[{"href":"https:\/\/www.pcnen.com\/portal\/wp-json\/wp\/v2\/posts"}],"about":[{"href":"https:\/\/www.pcnen.com\/portal\/wp-json\/wp\/v2\/types\/post"}],"author":[{"embeddable":true,"href":"https:\/\/www.pcnen.com\/portal\/wp-json\/wp\/v2\/users\/1"}],"replies":[{"embeddable":true,"href":"https:\/\/www.pcnen.com\/portal\/wp-json\/wp\/v2\/comments?post=74656"}],"version-history":[{"count":0,"href":"https:\/\/www.pcnen.com\/portal\/wp-json\/wp\/v2\/posts\/74656\/revisions"}],"wp:attachment":[{"href":"https:\/\/www.pcnen.com\/portal\/wp-json\/wp\/v2\/media?parent=74656"}],"wp:term":[{"taxonomy":"category","embeddable":true,"href":"https:\/\/www.pcnen.com\/portal\/wp-json\/wp\/v2\/categories?post=74656"},{"taxonomy":"post_tag","embeddable":true,"href":"https:\/\/www.pcnen.com\/portal\/wp-json\/wp\/v2\/tags?post=74656"}],"curies":[{"name":"wp","href":"https:\/\/api.w.org\/{rel}","templated":true}]}}