{"id":74652,"date":"2012-02-04T08:25:51","date_gmt":"2012-02-04T07:25:51","guid":{"rendered":"http:\/\/www.pcnen.com\/portal\/?p=74652"},"modified":"2012-02-04T09:04:28","modified_gmt":"2012-02-04T08:04:28","slug":"evakuisani-putnici-iz-kanjona-tare","status":"publish","type":"post","link":"https:\/\/www.pcnen.com\/portal\/2012\/02\/04\/evakuisani-putnici-iz-kanjona-tare\/","title":{"rendered":"Evakuisani putnici iz kanjona Tare"},"content":{"rendered":"<p><a href=\"http:\/\/www.pcnen.com\/portal\/wp-content\/uploads\/2012\/02\/snijeg-ilustracija1.jpg\"><img loading=\"lazy\" decoding=\"async\" class=\"alignleft size-thumbnail wp-image-74653\" title=\"snijeg, ilustracija\" src=\"http:\/\/www.pcnen.com\/portal\/wp-content\/uploads\/2012\/02\/snijeg-ilustracija1-150x150.jpg\" alt=\"\" width=\"150\" height=\"150\" \/><\/a>Putnici iz minibusa koji je usov bio blokirao u kanjonu Tare na putu\u00a0 \u0110ur\u0111evi\u0107a Tara \u2013 Mojkovac evakuisani su kasno iza pono\u0107i do Mojkovca.<\/p>\n<p>Kako izvje\u0161tavaju Vijesti on lineoko 03.40 poslije pono\u0107i spasioci su stigli i po\u010dela je evakuacija 11 putnika mini-busa preduze\u0107a <em>Radulovi\u0107.<\/em><\/p>\n<p>Putnici su oko 05.00 sati preba\u010deni u Mojkovac, osmoro u jedan ugostiteljski objekat, a troje u Dom zdravlja.<\/p>\n<p>&#8220;Kad su do\u0161li spasioci morali smo da se dr\u017eimo za ruke u koloni da se ne bi neko izgubio&#8221;, kazao je putnik kombija Radoman Borovi\u0107.<\/p>\n<p>U akciji spasavanja su u\u010destvovale specijalne jedinice policije, vojske, <em>Crnagoraputa<\/em>, dobrovoljci i planinari.<\/p>\n<p>Minibus je bio blokiran u kanjonu od 08.30 sati ju\u010de.<\/p>\n","protected":false},"excerpt":{"rendered":"<p>Putnici iz minibusa koji je usov bio blokirao kod Dobrilovine evakuisani su kasno iza pono\u0107i do Mojkovca.<\/p>\n","protected":false},"author":1,"featured_media":0,"comment_status":"open","ping_status":"closed","sticky":false,"template":"","format":"standard","meta":{"_seopress_robots_primary_cat":"","_seopress_titles_title":"","_seopress_titles_desc":"","_seopress_robots_index":"","_et_pb_use_builder":"","_et_pb_old_content":"","_et_gb_content_width":"","inline_featured_image":false,"footnotes":""},"categories":[14,12],"tags":[],"class_list":["post-74652","post","type-post","status-publish","format-standard","hentry","category-vijesti","category-prica-dana"],"_links":{"self":[{"href":"https:\/\/www.pcnen.com\/portal\/wp-json\/wp\/v2\/posts\/74652","targetHints":{"allow":["GET"]}}],"collection":[{"href":"https:\/\/www.pcnen.com\/portal\/wp-json\/wp\/v2\/posts"}],"about":[{"href":"https:\/\/www.pcnen.com\/portal\/wp-json\/wp\/v2\/types\/post"}],"author":[{"embeddable":true,"href":"https:\/\/www.pcnen.com\/portal\/wp-json\/wp\/v2\/users\/1"}],"replies":[{"embeddable":true,"href":"https:\/\/www.pcnen.com\/portal\/wp-json\/wp\/v2\/comments?post=74652"}],"version-history":[{"count":0,"href":"https:\/\/www.pcnen.com\/portal\/wp-json\/wp\/v2\/posts\/74652\/revisions"}],"wp:attachment":[{"href":"https:\/\/www.pcnen.com\/portal\/wp-json\/wp\/v2\/media?parent=74652"}],"wp:term":[{"taxonomy":"category","embeddable":true,"href":"https:\/\/www.pcnen.com\/portal\/wp-json\/wp\/v2\/categories?post=74652"},{"taxonomy":"post_tag","embeddable":true,"href":"https:\/\/www.pcnen.com\/portal\/wp-json\/wp\/v2\/tags?post=74652"}],"curies":[{"name":"wp","href":"https:\/\/api.w.org\/{rel}","templated":true}]}}