{"id":74646,"date":"2012-02-03T23:44:29","date_gmt":"2012-02-03T22:44:29","guid":{"rendered":"http:\/\/www.pcnen.com\/portal\/?p=74646"},"modified":"2012-02-03T23:44:29","modified_gmt":"2012-02-03T22:44:29","slug":"tadic-i-josipovic-%e2%80%99zarobljeni%e2%80%99-na-jahorini","status":"publish","type":"post","link":"https:\/\/www.pcnen.com\/portal\/2012\/02\/03\/tadic-i-josipovic-%e2%80%99zarobljeni%e2%80%99-na-jahorini\/","title":{"rendered":"Tadi\u0107 i Josipovi\u0107 \u2019zarobljeni\u2019 na Jahorini"},"content":{"rendered":"<p>Predsjednici Srbije i Hrvatske, Boris Tadi\u0107 i Ivo Josipovi\u0107, ostali su po zavr\u0161etku trilateralnog sastanka na Jahorini, jer su im vremenske neprilike i stanje na putevima u Bosni i Hercegovini onemogu\u0107ili povratak.<\/p>\n<p>Tadi\u0107 i Josipovi\u0107 su odgodili povratak u Beograd, odnosno Zagreb, zato \u0161to snijeg i niske temperature ote\u017eavaju saobra\u0107aj na putevima u tom i drugim dijelovima Bosne i Hercegovine, ali i cijelom regionu, javljaju\u00a0 banjalu\u010dke <em>Nezavisne novine.<\/em><\/p>\n","protected":false},"excerpt":{"rendered":"<p>Predsjednici Srbije i Hrvatske, Boris Tadi\u0107 i Ivo Josipovi\u0107, ostali su po zavr\u0161etku trilateralnog sastanka na Jahorini, jer su im vremenske neprilike i stanje na putevima u Bosni i Hercegovini onemogu\u0107ili povratak.<\/p>\n","protected":false},"author":1,"featured_media":0,"comment_status":"open","ping_status":"closed","sticky":false,"template":"","format":"standard","meta":{"_seopress_robots_primary_cat":"","_seopress_titles_title":"","_seopress_titles_desc":"","_seopress_robots_index":"","_et_pb_use_builder":"","_et_pb_old_content":"","_et_gb_content_width":"","inline_featured_image":false,"footnotes":""},"categories":[14],"tags":[],"class_list":["post-74646","post","type-post","status-publish","format-standard","hentry","category-vijesti"],"_links":{"self":[{"href":"https:\/\/www.pcnen.com\/portal\/wp-json\/wp\/v2\/posts\/74646","targetHints":{"allow":["GET"]}}],"collection":[{"href":"https:\/\/www.pcnen.com\/portal\/wp-json\/wp\/v2\/posts"}],"about":[{"href":"https:\/\/www.pcnen.com\/portal\/wp-json\/wp\/v2\/types\/post"}],"author":[{"embeddable":true,"href":"https:\/\/www.pcnen.com\/portal\/wp-json\/wp\/v2\/users\/1"}],"replies":[{"embeddable":true,"href":"https:\/\/www.pcnen.com\/portal\/wp-json\/wp\/v2\/comments?post=74646"}],"version-history":[{"count":0,"href":"https:\/\/www.pcnen.com\/portal\/wp-json\/wp\/v2\/posts\/74646\/revisions"}],"wp:attachment":[{"href":"https:\/\/www.pcnen.com\/portal\/wp-json\/wp\/v2\/media?parent=74646"}],"wp:term":[{"taxonomy":"category","embeddable":true,"href":"https:\/\/www.pcnen.com\/portal\/wp-json\/wp\/v2\/categories?post=74646"},{"taxonomy":"post_tag","embeddable":true,"href":"https:\/\/www.pcnen.com\/portal\/wp-json\/wp\/v2\/tags?post=74646"}],"curies":[{"name":"wp","href":"https:\/\/api.w.org\/{rel}","templated":true}]}}