{"id":74598,"date":"2012-02-03T19:08:39","date_gmt":"2012-02-03T18:08:39","guid":{"rendered":"http:\/\/www.pcnen.com\/portal\/?p=74598"},"modified":"2012-02-03T19:08:39","modified_gmt":"2012-02-03T18:08:39","slug":"rvasi-zena-poginula-u-pozaru","status":"publish","type":"post","link":"https:\/\/www.pcnen.com\/portal\/2012\/02\/03\/rvasi-zena-poginula-u-pozaru\/","title":{"rendered":"Rva\u0161i: \u017dena poginula u po\u017earu"},"content":{"rendered":"<p>Darinka \u0160ofranac (78) iz sela Rva\u0161i kod Rijeke Crnojevi\u0107a stradala je u po\u017earu u porodi\u010dnoj ku\u0107i danas oko 16.30 \u010dasova, javljaju<em> Vijesit on line.<\/em><\/p>\n<p>Prema nezvani\u010dnim policijskim informacijama, \u0160ofranac je spavala pored upaljene grijalice dok u ku\u0107i nije bilo struje. Struja je, kako pretpostavljaju policajci, stigla dok je \u0160ofranac bila u snu, a upaljena grijalica je izazvala po\u017ear.<\/p>\n","protected":false},"excerpt":{"rendered":"<p>Darinka \u0160ofranac (78) iz sela Rva\u0161i kod Rijeke Crnojevi\u0107a stradala je u po\u017earu u porodi\u010dnoj ku\u0107i danas oko 16.30 \u010dasova, javljaju Vijesit on line.<\/p>\n","protected":false},"author":1,"featured_media":0,"comment_status":"open","ping_status":"closed","sticky":false,"template":"","format":"standard","meta":{"_seopress_robots_primary_cat":"","_seopress_titles_title":"","_seopress_titles_desc":"","_seopress_robots_index":"","_et_pb_use_builder":"","_et_pb_old_content":"","_et_gb_content_width":"","inline_featured_image":false,"footnotes":""},"categories":[14],"tags":[],"class_list":["post-74598","post","type-post","status-publish","format-standard","hentry","category-vijesti"],"_links":{"self":[{"href":"https:\/\/www.pcnen.com\/portal\/wp-json\/wp\/v2\/posts\/74598","targetHints":{"allow":["GET"]}}],"collection":[{"href":"https:\/\/www.pcnen.com\/portal\/wp-json\/wp\/v2\/posts"}],"about":[{"href":"https:\/\/www.pcnen.com\/portal\/wp-json\/wp\/v2\/types\/post"}],"author":[{"embeddable":true,"href":"https:\/\/www.pcnen.com\/portal\/wp-json\/wp\/v2\/users\/1"}],"replies":[{"embeddable":true,"href":"https:\/\/www.pcnen.com\/portal\/wp-json\/wp\/v2\/comments?post=74598"}],"version-history":[{"count":0,"href":"https:\/\/www.pcnen.com\/portal\/wp-json\/wp\/v2\/posts\/74598\/revisions"}],"wp:attachment":[{"href":"https:\/\/www.pcnen.com\/portal\/wp-json\/wp\/v2\/media?parent=74598"}],"wp:term":[{"taxonomy":"category","embeddable":true,"href":"https:\/\/www.pcnen.com\/portal\/wp-json\/wp\/v2\/categories?post=74598"},{"taxonomy":"post_tag","embeddable":true,"href":"https:\/\/www.pcnen.com\/portal\/wp-json\/wp\/v2\/tags?post=74598"}],"curies":[{"name":"wp","href":"https:\/\/api.w.org\/{rel}","templated":true}]}}