{"id":74595,"date":"2012-02-03T13:54:02","date_gmt":"2012-02-03T12:54:02","guid":{"rendered":"http:\/\/www.pcnen.com\/portal\/?p=74595"},"modified":"2012-02-03T13:54:02","modified_gmt":"2012-02-03T12:54:02","slug":"malev-bankrotirao","status":"publish","type":"post","link":"https:\/\/www.pcnen.com\/portal\/2012\/02\/03\/malev-bankrotirao\/","title":{"rendered":"&#8220;Malev&#8221; bankrotirao"},"content":{"rendered":"<p>Ma\u0111arska nacionalna aviokompanija &#8220;Malev&#8221; danas je prizemnila avione zbog nesta\u0161ice svje\u017eeg novca, mjesec dana nakon \u0161to je Evropska unija naredila da vrati uzetu pomo\u0107 i dan posle odluke vlade da za\u0161titi kompaniju od kreditora, uvo\u0111enjem vanrednog moratorijuma nad posrnulom firmom koja se nalazi u dr\u017eavnom vlasni\u0161tvu.<\/p>\n<p>&#8220;Malev&#8221; je posle 66 godina rada danas obustavio letove, izjavio je izvr\u0161ni direktor prevoznika Loran Limburger, prenijela je agencija Frans pres.<\/p>\n<p>Neposredan povodo za prizemljenje flote bilo je odbijanje izraelskog zemaljskog osoblja da servisira let &#8220;Maleva&#8221; u Tel Avivu, kazao je Limburger. Od kada vlada vi\u0161e ne mo\u017ee da obezbje\u0111uje novac posle odluke EU da se vrati dr\u017eavna pozajmica i po\u0161to nema poslovnog partnera na vidiku, rad kompanije postao je nemogu\u0107, kazao je \u0161ef &#8220;Maleva&#8221; Laslo Barnei.<\/p>\n<p>Partneri su ostali nepovjerljivi nakon \u0161to je Evropska komisija po\u010detkom januara naredila ma\u0111arskom prevozniku da vrati vladinu pomo\u0107 uzetu izme\u0111u 2007 i 2010 godine u vrijednosti od 130 miliona eura. Ma\u0111arska vlada ju\u010de je, u poku\u0161aju da za\u0161titi nacionalnog avioprevoznika od kreditora, uvela vanredan moratorijuma nad posrnulom kompanijom.<\/p>\n<p>Kompanija &#8220;Malev\u201c prodata je 2007. godine ruskim investitorima, da bi 2010. bila ponovo nacionalizovana i stavljena pod kontrolu dr\u017eavnog sudskog izvr\u0161itelja za upravljanje i kontrolu finansija prevoznika, prenose agencije.<\/p>\n<p>&#8220;Malev&#8221;, koji zapo\u0161ljava 2.600 radnika, zabilje\u017eio je gubitak od 24,6 milijardi forinti u 2010 godini.<\/p>\n","protected":false},"excerpt":{"rendered":"<p>Ma\u0111arska nacionalna aviokompanija &#8220;Malev&#8221; danas je prizemnila avione zbog nesta\u0161ice svje\u017eeg novca, mjesec dana nakon \u0161to je Evropska unija naredila da vrati uzetu pomo\u0107 i dan posle odluke vlade da za\u0161titi kompaniju od kreditora, uvo\u0111enjem vanrednog moratorijuma nad posrnulom firmom koja se nalazi u dr\u017eavnom vlasni\u0161tvu. &#8220;Malev&#8221; je posle 66 godina rada danas obustavio letove, [&hellip;]<\/p>\n","protected":false},"author":1,"featured_media":0,"comment_status":"open","ping_status":"closed","sticky":false,"template":"","format":"standard","meta":{"_seopress_robots_primary_cat":"","_seopress_titles_title":"","_seopress_titles_desc":"","_seopress_robots_index":"","_et_pb_use_builder":"","_et_pb_old_content":"","_et_gb_content_width":"","inline_featured_image":false,"footnotes":""},"categories":[14],"tags":[],"class_list":["post-74595","post","type-post","status-publish","format-standard","hentry","category-vijesti"],"_links":{"self":[{"href":"https:\/\/www.pcnen.com\/portal\/wp-json\/wp\/v2\/posts\/74595","targetHints":{"allow":["GET"]}}],"collection":[{"href":"https:\/\/www.pcnen.com\/portal\/wp-json\/wp\/v2\/posts"}],"about":[{"href":"https:\/\/www.pcnen.com\/portal\/wp-json\/wp\/v2\/types\/post"}],"author":[{"embeddable":true,"href":"https:\/\/www.pcnen.com\/portal\/wp-json\/wp\/v2\/users\/1"}],"replies":[{"embeddable":true,"href":"https:\/\/www.pcnen.com\/portal\/wp-json\/wp\/v2\/comments?post=74595"}],"version-history":[{"count":0,"href":"https:\/\/www.pcnen.com\/portal\/wp-json\/wp\/v2\/posts\/74595\/revisions"}],"wp:attachment":[{"href":"https:\/\/www.pcnen.com\/portal\/wp-json\/wp\/v2\/media?parent=74595"}],"wp:term":[{"taxonomy":"category","embeddable":true,"href":"https:\/\/www.pcnen.com\/portal\/wp-json\/wp\/v2\/categories?post=74595"},{"taxonomy":"post_tag","embeddable":true,"href":"https:\/\/www.pcnen.com\/portal\/wp-json\/wp\/v2\/tags?post=74595"}],"curies":[{"name":"wp","href":"https:\/\/api.w.org\/{rel}","templated":true}]}}