{"id":74549,"date":"2012-02-03T10:10:56","date_gmt":"2012-02-03T09:10:56","guid":{"rendered":"http:\/\/www.pcnen.com\/portal\/?p=74549"},"modified":"2012-02-03T10:10:56","modified_gmt":"2012-02-03T09:10:56","slug":"sovcg-pozdravlja-odlazak-ministra-vucinica","status":"publish","type":"post","link":"https:\/\/www.pcnen.com\/portal\/2012\/02\/03\/sovcg-pozdravlja-odlazak-ministra-vucinica\/","title":{"rendered":"SOVCG pozdravlja odlazak ministra Vu\u010dini\u0107a"},"content":{"rendered":"<p>Sindikalna organizacija Vojske Crne Gore (SOVCG) na \u010dijem je \u010delu potpukovnik Nenad \u010cobelji\u0107 je saop\u0161tila da pozdravlja odluku premijera da se Boro Vu\u010dini\u0107 razrije\u0161i du\u017enosti ministra odbrane i uputi na novu du\u017enost.<\/p>\n<p>\u201dOvakvu odluku premjera Luk\u0161i\u0107a do\u017eivljavamo kao, vi\u0161e nego opravdanu i neophodnu, smjenu Vu\u010dini\u0107a zbog antisindikalne diskriminacije koja je za posledicu imala zna\u010dajno naru\u0161avanje ukupnih odnosa i sistema vrijednosti u VCG, uklju\u010duju\u0107i posebno patnje vojnika po ugovoru koji su ostali bez posla i njihovih porodica, ali i patnje \u017ertava poni\u017eavaju\u0107ih prekomandi, dugotrajnog\u00a0 i nezapam\u0107enog mobinga, ucjena i pritisaka\u201d, saop\u0161tila je SOVCG.<\/p>\n<p>Dosada\u0161njem ministru odbrane SOVCG je poru\u010dio \u201dda\u00a0 napu\u0161tanje mjesta zlo\u010dina odla\u017ee ali ne osloba\u0111a od odgovornosti, jer su, prije svega, ostale posledice i \u017ertve koje ne prihvataju da budu ministrova kolateralna \u0161teta\u201d.<\/p>\n<p>Boro Vu\u010dini\u0107 je &#8216;prekomandovan&#8217; ju\u010de na du\u017enost direktora Agencije za nacionalnu bezbjednost, gdje \u0107e biti v.d. do zavr\u0161etka procedure izbora.<\/p>\n","protected":false},"excerpt":{"rendered":"<p>Sindikalna organizacija Vojske Crne Gore (SOVCG) na \u010dijem je \u010delu potpukovnik Nenad \u010cobelji\u0107 je saop\u0161tila da pozdravlja odluku premijera da se Boro Vu\u010dini\u0107 razrije\u0161i du\u017enosti ministra odbrane i uputi na novu du\u017enost.<\/p>\n","protected":false},"author":1,"featured_media":0,"comment_status":"open","ping_status":"closed","sticky":false,"template":"","format":"standard","meta":{"_seopress_robots_primary_cat":"","_seopress_titles_title":"","_seopress_titles_desc":"","_seopress_robots_index":"","_et_pb_use_builder":"","_et_pb_old_content":"","_et_gb_content_width":"","inline_featured_image":false,"footnotes":""},"categories":[14],"tags":[],"class_list":["post-74549","post","type-post","status-publish","format-standard","hentry","category-vijesti"],"_links":{"self":[{"href":"https:\/\/www.pcnen.com\/portal\/wp-json\/wp\/v2\/posts\/74549","targetHints":{"allow":["GET"]}}],"collection":[{"href":"https:\/\/www.pcnen.com\/portal\/wp-json\/wp\/v2\/posts"}],"about":[{"href":"https:\/\/www.pcnen.com\/portal\/wp-json\/wp\/v2\/types\/post"}],"author":[{"embeddable":true,"href":"https:\/\/www.pcnen.com\/portal\/wp-json\/wp\/v2\/users\/1"}],"replies":[{"embeddable":true,"href":"https:\/\/www.pcnen.com\/portal\/wp-json\/wp\/v2\/comments?post=74549"}],"version-history":[{"count":0,"href":"https:\/\/www.pcnen.com\/portal\/wp-json\/wp\/v2\/posts\/74549\/revisions"}],"wp:attachment":[{"href":"https:\/\/www.pcnen.com\/portal\/wp-json\/wp\/v2\/media?parent=74549"}],"wp:term":[{"taxonomy":"category","embeddable":true,"href":"https:\/\/www.pcnen.com\/portal\/wp-json\/wp\/v2\/categories?post=74549"},{"taxonomy":"post_tag","embeddable":true,"href":"https:\/\/www.pcnen.com\/portal\/wp-json\/wp\/v2\/tags?post=74549"}],"curies":[{"name":"wp","href":"https:\/\/api.w.org\/{rel}","templated":true}]}}