{"id":74535,"date":"2012-02-03T08:35:56","date_gmt":"2012-02-03T07:35:56","guid":{"rendered":"http:\/\/www.pcnen.com\/portal\/?p=74535"},"modified":"2012-02-03T08:35:56","modified_gmt":"2012-02-03T07:35:56","slug":"vrijeme-oblacno-kisa-susnjezica-snijeg","status":"publish","type":"post","link":"https:\/\/www.pcnen.com\/portal\/2012\/02\/03\/vrijeme-oblacno-kisa-susnjezica-snijeg\/","title":{"rendered":"Vrijeme: Obla\u010dno, ki\u0161a, susnje\u017eica, snijeg"},"content":{"rendered":"<p>U Crnoj Gori \u0107e danas biti obla\u010dno, sa ki\u0161om, pljuskovima i grmljavinom na primorju, a umjerenim do jakim snijegom u kontinentalnim predjelima. Snijeg \u0107e tokom prijepodneva ili sredinom dana u ni\u017eim predjelima na jugu (Podgorica) pre\u0107i u ki\u0161u, a poslijepodne ili tokom no\u0107i i u centralnim i vi\u0161im planinskim predjelima na jugu (Niki\u0161i\u0107, Cetinje).<\/p>\n<p>O\u010dekuju se umjerene ili obilne koli\u010dine padavina.<\/p>\n<p>Mjestimi\u010dno \u0107e duvati umjeren do jak jugoisto\u010dni i isto\u010dni vjetar.<\/p>\n<p>Na Ju\u017enom Jadranu \u0107e ja\u010dina vjetra iznositi od 8 do 20, povremeno na udare od 30 do 50, a na otvorenom moru i do 70 \u010dvorova.<\/p>\n<p>Najvi\u0161a dnevna temperatura vazduha od -10 do 12 stepeni Celzijusa.<\/p>\n<p>I sjutra \u0107e biti prete\u017eno obla\u010dno sa padavinama. Na primorju i u najni\u017eim predjelima na jugu bi\u0107e susnje\u017eice, pljuskova i grmljavine, a u ostalim djelovima zemlje snijega i susnje\u017eice.<\/p>\n<p>Od nedjelje do ponedjeljka bi\u0107e umjereno do potpuno obla\u010dno. Povremeno se o\u010dekuju padavine slabog, ponegdje umjerenog intenziteta. Prete\u017eno sa istoka duva\u0107e povremeno umjeren do poja\u010dan, mjestimi\u010dno na udare i jak vjetar.<\/p>\n<p>Temperatura vazduha od danas u porastu, a od ponedjeljka u padu, \u0161to \u0107e biti izra\u017eenije u sjevernim predjelima zemlje.<\/p>\n","protected":false},"excerpt":{"rendered":"<p>U Crnoj Gori \u0107e danas biti obla\u010dno, sa ki\u0161om, pljuskovima i grmljavinom na primorju, a umjerenim do jakim snijegom u kontinentalnim predjelima. Snijeg \u0107e tokom prijepodneva ili sredinom dana u ni\u017eim predjelima na jugu (Podgorica) pre\u0107i u ki\u0161u, a poslijepodne ili tokom no\u0107i i u centralnim i vi\u0161im planinskim predjelima na jugu (Niki\u0161i\u0107, Cetinje).<\/p>\n","protected":false},"author":1,"featured_media":0,"comment_status":"open","ping_status":"closed","sticky":false,"template":"","format":"standard","meta":{"_seopress_robots_primary_cat":"","_seopress_titles_title":"","_seopress_titles_desc":"","_seopress_robots_index":"","_et_pb_use_builder":"","_et_pb_old_content":"","_et_gb_content_width":"","inline_featured_image":false,"footnotes":""},"categories":[14],"tags":[],"class_list":["post-74535","post","type-post","status-publish","format-standard","hentry","category-vijesti"],"_links":{"self":[{"href":"https:\/\/www.pcnen.com\/portal\/wp-json\/wp\/v2\/posts\/74535","targetHints":{"allow":["GET"]}}],"collection":[{"href":"https:\/\/www.pcnen.com\/portal\/wp-json\/wp\/v2\/posts"}],"about":[{"href":"https:\/\/www.pcnen.com\/portal\/wp-json\/wp\/v2\/types\/post"}],"author":[{"embeddable":true,"href":"https:\/\/www.pcnen.com\/portal\/wp-json\/wp\/v2\/users\/1"}],"replies":[{"embeddable":true,"href":"https:\/\/www.pcnen.com\/portal\/wp-json\/wp\/v2\/comments?post=74535"}],"version-history":[{"count":0,"href":"https:\/\/www.pcnen.com\/portal\/wp-json\/wp\/v2\/posts\/74535\/revisions"}],"wp:attachment":[{"href":"https:\/\/www.pcnen.com\/portal\/wp-json\/wp\/v2\/media?parent=74535"}],"wp:term":[{"taxonomy":"category","embeddable":true,"href":"https:\/\/www.pcnen.com\/portal\/wp-json\/wp\/v2\/categories?post=74535"},{"taxonomy":"post_tag","embeddable":true,"href":"https:\/\/www.pcnen.com\/portal\/wp-json\/wp\/v2\/tags?post=74535"}],"curies":[{"name":"wp","href":"https:\/\/api.w.org\/{rel}","templated":true}]}}