{"id":74428,"date":"2012-02-01T22:09:00","date_gmt":"2012-02-01T21:09:00","guid":{"rendered":"http:\/\/www.pcnen.com\/portal\/?p=74428"},"modified":"2012-02-01T22:09:00","modified_gmt":"2012-02-01T21:09:00","slug":"mitropolit-amfilohije-protiv-ulaska-cg-u-nato","status":"publish","type":"post","link":"https:\/\/www.pcnen.com\/portal\/2012\/02\/01\/mitropolit-amfilohije-protiv-ulaska-cg-u-nato\/","title":{"rendered":"Mitropolit Amfilohije protiv ulaska CG u NATO"},"content":{"rendered":"<p>Mitropolit crnogorsko-primorski Amfilohije je, u razgovoru sa ambasadorom Njema\u010dke u Podgorici Piusom Fi\u0161erom, izrazio rezervu i li\u010dno mi\u0161ljenje o nepotrebnosti postojanja Sjevernoatlantskog pakta danas, kao samostalne vojne sile, ali i prema ulasku Crne Gore u NATO.<\/p>\n<p>On je, kako je <a href=\"http:\/\/www.mitropolija.me\/?p=8956\">saop\u0161teno iz Mitropolije crnogorsko-primorske<\/a>, podsjetio njema\u010dkog ambasadora na nepravedna bombardovanja Srbije, Crne Gore i Republike Srpske i negativna osje\u0107anja koje ti doga\u0111aji bude u ve\u0107ini crnogorskog stanovni\u0161tva.<\/p>\n<p>Mitropolit Amfilohije o\u010dekuje da \u0107e integracije Crne Gore pomo\u0107i da u njoj oja\u010da vladavina prava, kao i da verbalno proklamovana sekularnost dr\u017eave dobije svoje pravo zna\u010denje, dozvoljavaju\u0107i svim crkvama i vjerskim zajednicama potpuno samostalno ure\u0111ivanje unutra\u0161njih odnosa i ustrojstva, \u010dime bi se prekinuli neprili\u010dni pritisci pojedinih dr\u017eavnih adresa koji se poslednjih godina primjenjuju, kako se \u010dini, samo prema Pravoslavnoj crkvi.<\/p>\n<p>Amfilohije je uvjeren da bi integracije mogle pomo\u0107i i oslobo\u0111enju Crne Gore od, kako je kazao, danas vrlo aktuelnog etatizma i nezdravog nacionalizma prisutnog u Crnoj Gori kod dijela dru\u0161tva, a javno podr\u017eavanog od pojedinaca iz vlasti.<\/p>\n","protected":false},"excerpt":{"rendered":"<p>Mitropolit crnogorsko-primorski Amfilohije je, u razgovoru sa ambasadorom Njema\u010dke u Podgorici Piusom Fi\u0161erom, izrazio rezervu i li\u010dno mi\u0161ljenje o nepotrebnosti postojanja Sjevernoatlantskog pakta danas, kao samostalne vojne sile, ali i prema ulasku Crne Gore u NATO. On je, kako je saop\u0161teno iz Mitropolije crnogorsko-primorske, podsjetio njema\u010dkog ambasadora na nepravedna bombardovanja Srbije, Crne Gore i Republike [&hellip;]<\/p>\n","protected":false},"author":1,"featured_media":0,"comment_status":"open","ping_status":"closed","sticky":false,"template":"","format":"standard","meta":{"_seopress_robots_primary_cat":"","_seopress_titles_title":"","_seopress_titles_desc":"","_seopress_robots_index":"","_et_pb_use_builder":"","_et_pb_old_content":"","_et_gb_content_width":"","inline_featured_image":false,"footnotes":""},"categories":[14],"tags":[],"class_list":["post-74428","post","type-post","status-publish","format-standard","hentry","category-vijesti"],"_links":{"self":[{"href":"https:\/\/www.pcnen.com\/portal\/wp-json\/wp\/v2\/posts\/74428","targetHints":{"allow":["GET"]}}],"collection":[{"href":"https:\/\/www.pcnen.com\/portal\/wp-json\/wp\/v2\/posts"}],"about":[{"href":"https:\/\/www.pcnen.com\/portal\/wp-json\/wp\/v2\/types\/post"}],"author":[{"embeddable":true,"href":"https:\/\/www.pcnen.com\/portal\/wp-json\/wp\/v2\/users\/1"}],"replies":[{"embeddable":true,"href":"https:\/\/www.pcnen.com\/portal\/wp-json\/wp\/v2\/comments?post=74428"}],"version-history":[{"count":0,"href":"https:\/\/www.pcnen.com\/portal\/wp-json\/wp\/v2\/posts\/74428\/revisions"}],"wp:attachment":[{"href":"https:\/\/www.pcnen.com\/portal\/wp-json\/wp\/v2\/media?parent=74428"}],"wp:term":[{"taxonomy":"category","embeddable":true,"href":"https:\/\/www.pcnen.com\/portal\/wp-json\/wp\/v2\/categories?post=74428"},{"taxonomy":"post_tag","embeddable":true,"href":"https:\/\/www.pcnen.com\/portal\/wp-json\/wp\/v2\/tags?post=74428"}],"curies":[{"name":"wp","href":"https:\/\/api.w.org\/{rel}","templated":true}]}}