{"id":74414,"date":"2012-02-01T19:44:31","date_gmt":"2012-02-01T18:44:31","guid":{"rendered":"http:\/\/www.pcnen.com\/portal\/?p=74414"},"modified":"2012-02-01T19:44:31","modified_gmt":"2012-02-01T18:44:31","slug":"porodice-zrtava-frankizma-u-spaniji-svjedoce-pred-sudom","status":"publish","type":"post","link":"https:\/\/www.pcnen.com\/portal\/2012\/02\/01\/porodice-zrtava-frankizma-u-spaniji-svjedoce-pred-sudom\/","title":{"rendered":"Porodice \u017ertava frankizma u \u0160paniji svjedo\u010de pred sudom"},"content":{"rendered":"<p>Porodice \u017ertava Frankove diktature po\u010dele su danas prvi put pred \u0161panskim pravosu\u0111em da svjedo\u010de o tim zlo\u010dinima u postupku protiv sudije Baltazara Garsona, optu\u017eenog da je otvaranjem istrage o nestalima za vrijeme diktature prekr\u0161io Zakon o amnestiji, prenosi Beta.<\/p>\n<p>Sedam sudija Vrhovnog suda \u0160panije koji \u0107e odlu\u010diti da li \u0107e <a title=\"\u0160panski sudija pokrenuo istragu o Frankovim zlo\u010dinima\" href=\"http:\/\/www.pcnen.com\/portal\/2008\/10\/16\/spanski-sudija-pokrenuo-istragu-o-frankovim-zlocinima\/\">sudija Garson<\/a> biti ili ne osu\u0111en za kr\u0161enje tog zakona, saslu\u0161a\u0107e do 8. februara 21 svjedoka.<\/p>\n<p>Prvi svjedok koji se pojavio pred sudom bila je Marija Martin (81) koja traga za posmrtnim ostacima svoje majke, strijeljane 1936. godine.<\/p>\n<p>&#8220;Bacili su je u zatvor i u no\u0107i 21. (septembra 1936) izveli su je da bi je odveli pred sud, ali su je usput ubili; oni su ubili 27 mu\u0161karaca i tri \u017eene&#8221;, posvjedo\u010dila je Marija.<\/p>\n<p>Njen otac nije prestao da tra\u017ei posmrtne ostatke supruge sve do smrti 1977. godine. On je, me\u0111utim, morao da po\u0161tuje zakon \u0107utanja, rekla je Marija Martin i dodala da je njenom ocu prije\u0107eno svaki put kad bi poku\u0161ao da preuzme \u017eenino tijelo.<\/p>\n<p>Drugi svedok, Pino Sosa (75) sa Kanarskih ostrva je rekla da su snage Franka odvele njenog oca sa grupom mu\u0161karaca.<\/p>\n<p>&#8220;Tukli su ih. Dr\u017eali su ih kao zatvorenike i sva\u0161ta su im radili&#8221;, ispri\u010dala je Sosa i dodala da su Frankove snage \u010dak ukrale hljeb i so iz njene ku\u0107e.<\/p>\n","protected":false},"excerpt":{"rendered":"<p>Porodice \u017ertava Frankove diktature po\u010dele su danas prvi put pred \u0161panskim pravosu\u0111em da svjedo\u010de o tim zlo\u010dinima u postupku protiv sudije Baltazara Garsona, optu\u017eenog da je otvaranjem istrage o nestalima za vrijeme diktature prekr\u0161io Zakon o amnestiji, prenosi Beta.<\/p>\n","protected":false},"author":1,"featured_media":0,"comment_status":"open","ping_status":"closed","sticky":false,"template":"","format":"standard","meta":{"_seopress_robots_primary_cat":"","_seopress_titles_title":"","_seopress_titles_desc":"","_seopress_robots_index":"","_et_pb_use_builder":"","_et_pb_old_content":"","_et_gb_content_width":"","inline_featured_image":false,"footnotes":""},"categories":[14],"tags":[],"class_list":["post-74414","post","type-post","status-publish","format-standard","hentry","category-vijesti"],"_links":{"self":[{"href":"https:\/\/www.pcnen.com\/portal\/wp-json\/wp\/v2\/posts\/74414","targetHints":{"allow":["GET"]}}],"collection":[{"href":"https:\/\/www.pcnen.com\/portal\/wp-json\/wp\/v2\/posts"}],"about":[{"href":"https:\/\/www.pcnen.com\/portal\/wp-json\/wp\/v2\/types\/post"}],"author":[{"embeddable":true,"href":"https:\/\/www.pcnen.com\/portal\/wp-json\/wp\/v2\/users\/1"}],"replies":[{"embeddable":true,"href":"https:\/\/www.pcnen.com\/portal\/wp-json\/wp\/v2\/comments?post=74414"}],"version-history":[{"count":0,"href":"https:\/\/www.pcnen.com\/portal\/wp-json\/wp\/v2\/posts\/74414\/revisions"}],"wp:attachment":[{"href":"https:\/\/www.pcnen.com\/portal\/wp-json\/wp\/v2\/media?parent=74414"}],"wp:term":[{"taxonomy":"category","embeddable":true,"href":"https:\/\/www.pcnen.com\/portal\/wp-json\/wp\/v2\/categories?post=74414"},{"taxonomy":"post_tag","embeddable":true,"href":"https:\/\/www.pcnen.com\/portal\/wp-json\/wp\/v2\/tags?post=74414"}],"curies":[{"name":"wp","href":"https:\/\/api.w.org\/{rel}","templated":true}]}}