{"id":74403,"date":"2012-02-01T18:12:16","date_gmt":"2012-02-01T17:12:16","guid":{"rendered":"http:\/\/www.pcnen.com\/portal\/?p=74403"},"modified":"2012-02-01T18:12:16","modified_gmt":"2012-02-01T17:12:16","slug":"vjetar-u-sloveniji-160-km-na-cas","status":"publish","type":"post","link":"https:\/\/www.pcnen.com\/portal\/2012\/02\/01\/vjetar-u-sloveniji-160-km-na-cas\/","title":{"rendered":"Vjetar u Sloveniji 160 km na \u010das"},"content":{"rendered":"<p>Jak vetar duva u Sloveniji, a u Vipavskoj dolini dostigao je brzinu od 160 kilometara na \u010das, zbog \u010dega je progla\u0161en najvi\u0161i stepen opasnosti, takozvani crveni alarm.<\/p>\n<p>U Novoj Gorici su zbog vjetra zatvorena dje\u010dija obdani\u0161ta i \u0161kole, a u luci Koper je prekinut morski saobra\u0107aj.<\/p>\n<p>U Sloveniji se prema najavama metereologa o\u010dekuje hladan kontinentalni talas tako da \u0107e temperature od petka do ponedjeljka u ve\u0107em dijelu zemlje biti ispod minus pet, a tokom no\u0107i \u0107e pasti ispod minus deset stepeni Celzijusovih, prenosi RSE.<\/p>\n<p>Na planinama se o\u010dekuje novi snije\u017eni talas i pad temperature na oko minus 20 stepeni Celzijusovih.<\/p>\n","protected":false},"excerpt":{"rendered":"<p>Jak vetar duva u Sloveniji, a u Vipavskoj dolini dostigao je brzinu od 160 kilometara na \u010das, zbog \u010dega je progla\u0161en najvi\u0161i stepen opasnosti, takozvani crveni alarm. U Novoj Gorici su zbog vjetra zatvorena dje\u010dija obdani\u0161ta i \u0161kole, a u luci Koper je prekinut morski saobra\u0107aj. U Sloveniji se prema najavama metereologa o\u010dekuje hladan kontinentalni [&hellip;]<\/p>\n","protected":false},"author":1,"featured_media":0,"comment_status":"open","ping_status":"closed","sticky":false,"template":"","format":"standard","meta":{"_seopress_robots_primary_cat":"","_seopress_titles_title":"","_seopress_titles_desc":"","_seopress_robots_index":"","_et_pb_use_builder":"","_et_pb_old_content":"","_et_gb_content_width":"","inline_featured_image":false,"footnotes":""},"categories":[14],"tags":[],"class_list":["post-74403","post","type-post","status-publish","format-standard","hentry","category-vijesti"],"_links":{"self":[{"href":"https:\/\/www.pcnen.com\/portal\/wp-json\/wp\/v2\/posts\/74403","targetHints":{"allow":["GET"]}}],"collection":[{"href":"https:\/\/www.pcnen.com\/portal\/wp-json\/wp\/v2\/posts"}],"about":[{"href":"https:\/\/www.pcnen.com\/portal\/wp-json\/wp\/v2\/types\/post"}],"author":[{"embeddable":true,"href":"https:\/\/www.pcnen.com\/portal\/wp-json\/wp\/v2\/users\/1"}],"replies":[{"embeddable":true,"href":"https:\/\/www.pcnen.com\/portal\/wp-json\/wp\/v2\/comments?post=74403"}],"version-history":[{"count":0,"href":"https:\/\/www.pcnen.com\/portal\/wp-json\/wp\/v2\/posts\/74403\/revisions"}],"wp:attachment":[{"href":"https:\/\/www.pcnen.com\/portal\/wp-json\/wp\/v2\/media?parent=74403"}],"wp:term":[{"taxonomy":"category","embeddable":true,"href":"https:\/\/www.pcnen.com\/portal\/wp-json\/wp\/v2\/categories?post=74403"},{"taxonomy":"post_tag","embeddable":true,"href":"https:\/\/www.pcnen.com\/portal\/wp-json\/wp\/v2\/tags?post=74403"}],"curies":[{"name":"wp","href":"https:\/\/api.w.org\/{rel}","templated":true}]}}