{"id":74373,"date":"2012-02-01T11:12:38","date_gmt":"2012-02-01T10:12:38","guid":{"rendered":"http:\/\/www.pcnen.com\/portal\/?p=74373"},"modified":"2012-02-01T11:12:38","modified_gmt":"2012-02-01T10:12:38","slug":"konferencija-o-lgbt-populaciji","status":"publish","type":"post","link":"https:\/\/www.pcnen.com\/portal\/2012\/02\/01\/konferencija-o-lgbt-populaciji\/","title":{"rendered":"Konferencija o LGBT populaciji"},"content":{"rendered":"<p>Ministarstvo za ljudska i manjinska prava, u saradnji sa misijom Savjeta Evrope u Crnoj Gori, organizuje danas konferenciju i okrugli sto o polo\u017eaju pripadnika LGBT populacije.<\/p>\n<p>Kako je saop\u0161teno iz Ministarstva, cjelodnevni skup se organizuje u okviru LGBT projekta Savjeta Evrope, \u010diji je Crna Gora korisnik.<\/p>\n<p>Cilj konferencije i okruglog stola je da se u\u010desnici i javnost upoznaju sa aktuelnom situacijom pripadnika LGBT populacije, ali i sa budu\u0107im aktivnostima, smjernicama i ciljevima za unaprje\u0111enje stanja u toj oblasti, prenosi RTCG.<\/p>\n<p>U Ministarstvu smatraju da je to ujedno i dobra prilika da se prezentuje Preporuka Komiteta ministara o mjerama protiv diskriminacije zasnovane na seksualnoj orijentaciji.<\/p>\n","protected":false},"excerpt":{"rendered":"<p>Ministarstvo za ljudska i manjinska prava, u saradnji sa misijom Savjeta Evrope u Crnoj Gori, organizuje danas konferenciju i okrugli sto o polo\u017eaju pripadnika LGBT populacije. Kako je saop\u0161teno iz Ministarstva, cjelodnevni skup se organizuje u okviru LGBT projekta Savjeta Evrope, \u010diji je Crna Gora korisnik. Cilj konferencije i okruglog stola je da se u\u010desnici [&hellip;]<\/p>\n","protected":false},"author":1,"featured_media":0,"comment_status":"open","ping_status":"closed","sticky":false,"template":"","format":"standard","meta":{"_seopress_robots_primary_cat":"","_seopress_titles_title":"","_seopress_titles_desc":"","_seopress_robots_index":"","_et_pb_use_builder":"","_et_pb_old_content":"","_et_gb_content_width":"","inline_featured_image":false,"footnotes":""},"categories":[14],"tags":[],"class_list":["post-74373","post","type-post","status-publish","format-standard","hentry","category-vijesti"],"_links":{"self":[{"href":"https:\/\/www.pcnen.com\/portal\/wp-json\/wp\/v2\/posts\/74373","targetHints":{"allow":["GET"]}}],"collection":[{"href":"https:\/\/www.pcnen.com\/portal\/wp-json\/wp\/v2\/posts"}],"about":[{"href":"https:\/\/www.pcnen.com\/portal\/wp-json\/wp\/v2\/types\/post"}],"author":[{"embeddable":true,"href":"https:\/\/www.pcnen.com\/portal\/wp-json\/wp\/v2\/users\/1"}],"replies":[{"embeddable":true,"href":"https:\/\/www.pcnen.com\/portal\/wp-json\/wp\/v2\/comments?post=74373"}],"version-history":[{"count":0,"href":"https:\/\/www.pcnen.com\/portal\/wp-json\/wp\/v2\/posts\/74373\/revisions"}],"wp:attachment":[{"href":"https:\/\/www.pcnen.com\/portal\/wp-json\/wp\/v2\/media?parent=74373"}],"wp:term":[{"taxonomy":"category","embeddable":true,"href":"https:\/\/www.pcnen.com\/portal\/wp-json\/wp\/v2\/categories?post=74373"},{"taxonomy":"post_tag","embeddable":true,"href":"https:\/\/www.pcnen.com\/portal\/wp-json\/wp\/v2\/tags?post=74373"}],"curies":[{"name":"wp","href":"https:\/\/api.w.org\/{rel}","templated":true}]}}