{"id":74369,"date":"2012-02-01T11:06:56","date_gmt":"2012-02-01T10:06:56","guid":{"rendered":"http:\/\/www.pcnen.com\/portal\/?p=74369"},"modified":"2012-02-01T11:15:51","modified_gmt":"2012-02-01T10:15:51","slug":"74369","status":"publish","type":"post","link":"https:\/\/www.pcnen.com\/portal\/2012\/02\/01\/74369\/","title":{"rendered":"U Makedoniji zapaljena jo\u0161 jedna crkva"},"content":{"rendered":"<p>\u017ditelji tetovskog sela Mala Re\u010dica, ve\u0107inom Albanci, brzim reagovanjem su sprije\u010dili da u po\u017earu nastrada crkva Sveti \u0110or\u0111e. Policija je saop\u0161tila da su nepoznate osobe sino\u0107 zapalile daske naslonjene na zid crkve, ali lokalno stanovni\u0161tvo uglavnom albansko, primijetilo je vatru i uspjelo da je ugasi.<\/p>\n<p>Policija traga za po\u010diniocima, kao i za onim koji su u ponedjeljak podmetnuli po\u017ear u crkvi u <a title=\"Zapaljena crkva u okolini Struge\" href=\"http:\/\/www.pcnen.com\/portal\/2012\/01\/31\/zapaljena-crkva-u-okolini-struge\/\">selu Labuni\u0161te, u okolini Stuge<\/a> u jugozapadnom dijelu zemlje, naselejnom muslimanima.<\/p>\n<p>Poslednjih dana tenzije su porasle nakon \u0161to je albansko stanovni\u0161tvo po\u010delo proteste zbog uvrede njihove vjere na nedavno odr\u017eanom tradicionalnom karnevalu u selu Vev\u010dani odr\u017eanom 13. i 14. januara, gdje je jedna od maski ismijavala Kuran.<\/p>\n<p>Proteklog vikenda albansko stanovni\u0161tvo predvo\u0111eno Muftijstvom iz Struge odr\u017ealo je proteste na kojima je pozvalo na revan\u0161izam zbog uvrede islamske vjere.<\/p>\n<p>Protekle no\u0107i su u selu Oktisi nepoznati po\u010dinioci oskvernavili \u010detiri metra visok krst na crvki, a zatim na zidu sprejom ispisali Smrt Kaurima, prenose beogradski mediji.<\/p>\n","protected":false},"excerpt":{"rendered":"<p>\u017ditelji tetovskog sela Mala Re\u010dica, ve\u0107inom Albanci, brzim reagovanjem su sprije\u010dili da u po\u017earu nastrada crkva Sveti \u0110or\u0111e. Policija je saop\u0161tila da su nepoznate osobe sino\u0107 zapalile daske naslonjene na zid crkve, ali lokalno stanovni\u0161tvo uglavnom albansko, primijetilo je vatru i uspjelo da je ugasi. Policija traga za po\u010diniocima, kao i za onim koji su [&hellip;]<\/p>\n","protected":false},"author":1,"featured_media":0,"comment_status":"open","ping_status":"closed","sticky":false,"template":"","format":"standard","meta":{"_seopress_robots_primary_cat":"","_seopress_titles_title":"","_seopress_titles_desc":"","_seopress_robots_index":"","_et_pb_use_builder":"","_et_pb_old_content":"","_et_gb_content_width":"","inline_featured_image":false,"footnotes":""},"categories":[14],"tags":[],"class_list":["post-74369","post","type-post","status-publish","format-standard","hentry","category-vijesti"],"_links":{"self":[{"href":"https:\/\/www.pcnen.com\/portal\/wp-json\/wp\/v2\/posts\/74369","targetHints":{"allow":["GET"]}}],"collection":[{"href":"https:\/\/www.pcnen.com\/portal\/wp-json\/wp\/v2\/posts"}],"about":[{"href":"https:\/\/www.pcnen.com\/portal\/wp-json\/wp\/v2\/types\/post"}],"author":[{"embeddable":true,"href":"https:\/\/www.pcnen.com\/portal\/wp-json\/wp\/v2\/users\/1"}],"replies":[{"embeddable":true,"href":"https:\/\/www.pcnen.com\/portal\/wp-json\/wp\/v2\/comments?post=74369"}],"version-history":[{"count":0,"href":"https:\/\/www.pcnen.com\/portal\/wp-json\/wp\/v2\/posts\/74369\/revisions"}],"wp:attachment":[{"href":"https:\/\/www.pcnen.com\/portal\/wp-json\/wp\/v2\/media?parent=74369"}],"wp:term":[{"taxonomy":"category","embeddable":true,"href":"https:\/\/www.pcnen.com\/portal\/wp-json\/wp\/v2\/categories?post=74369"},{"taxonomy":"post_tag","embeddable":true,"href":"https:\/\/www.pcnen.com\/portal\/wp-json\/wp\/v2\/tags?post=74369"}],"curies":[{"name":"wp","href":"https:\/\/api.w.org\/{rel}","templated":true}]}}