{"id":74366,"date":"2012-02-01T11:01:10","date_gmt":"2012-02-01T10:01:10","guid":{"rendered":"http:\/\/www.pcnen.com\/portal\/?p=74366"},"modified":"2012-02-01T11:01:10","modified_gmt":"2012-02-01T10:01:10","slug":"moguci-prijevremeni-izbori","status":"publish","type":"post","link":"https:\/\/www.pcnen.com\/portal\/2012\/02\/01\/moguci-prijevremeni-izbori\/","title":{"rendered":"Mogu\u0107i prijevremeni izbori"},"content":{"rendered":"<p>\u010celnici vladaju\u0107e koalicije razmi\u0161ljaju o tome da se parlamentarni i predsjedni\u010dki izbori odr\u017ee istovremeno u septembru ili oktobru ove godine.<\/p>\n<p>U vladaju\u0107oj koaliciji o\u010dekuju da bi na izborima mogli da nastupe sa dva o\u010dekivana uspjeha, dobijanje datuma pregovora sa Evropskom unijom u junu i odluke Samita NATO u maju da se intenizivira proces pristupanja Crne Gore alijansi, prenose<a href=\"http:\/\/www.vijesti.me\/vijesti\/dps-planira-parlamenatrne-predsjednicke-izbore-jesen-clanak-58731\"> Vijesti. <\/a><\/p>\n<p>Razlog za istovremeneno odr\u017eavanje parlamentarnih i predsjedni\u010dkih izbora je ekonomi\u010dnost, a termin za redovne izbore je po\u010detak 2013. godine.<\/p>\n<p>&nbsp;<\/p>\n<p>&nbsp;<\/p>\n","protected":false},"excerpt":{"rendered":"<p>\u010celnici vladaju\u0107e koalicije razmi\u0161ljaju o tome da se parlamentarni i predsjedni\u010dki izbori odr\u017ee istovremeno u septembru ili oktobru ove godine. U vladaju\u0107oj koaliciji o\u010dekuju da bi na izborima mogli da nastupe sa dva o\u010dekivana uspjeha, dobijanje datuma pregovora sa Evropskom unijom u junu i odluke Samita NATO u maju da se intenizivira proces pristupanja Crne [&hellip;]<\/p>\n","protected":false},"author":1,"featured_media":0,"comment_status":"open","ping_status":"closed","sticky":false,"template":"","format":"standard","meta":{"_seopress_robots_primary_cat":"","_seopress_titles_title":"","_seopress_titles_desc":"","_seopress_robots_index":"","_et_pb_use_builder":"","_et_pb_old_content":"","_et_gb_content_width":"","inline_featured_image":false,"footnotes":""},"categories":[14],"tags":[],"class_list":["post-74366","post","type-post","status-publish","format-standard","hentry","category-vijesti"],"_links":{"self":[{"href":"https:\/\/www.pcnen.com\/portal\/wp-json\/wp\/v2\/posts\/74366","targetHints":{"allow":["GET"]}}],"collection":[{"href":"https:\/\/www.pcnen.com\/portal\/wp-json\/wp\/v2\/posts"}],"about":[{"href":"https:\/\/www.pcnen.com\/portal\/wp-json\/wp\/v2\/types\/post"}],"author":[{"embeddable":true,"href":"https:\/\/www.pcnen.com\/portal\/wp-json\/wp\/v2\/users\/1"}],"replies":[{"embeddable":true,"href":"https:\/\/www.pcnen.com\/portal\/wp-json\/wp\/v2\/comments?post=74366"}],"version-history":[{"count":0,"href":"https:\/\/www.pcnen.com\/portal\/wp-json\/wp\/v2\/posts\/74366\/revisions"}],"wp:attachment":[{"href":"https:\/\/www.pcnen.com\/portal\/wp-json\/wp\/v2\/media?parent=74366"}],"wp:term":[{"taxonomy":"category","embeddable":true,"href":"https:\/\/www.pcnen.com\/portal\/wp-json\/wp\/v2\/categories?post=74366"},{"taxonomy":"post_tag","embeddable":true,"href":"https:\/\/www.pcnen.com\/portal\/wp-json\/wp\/v2\/tags?post=74366"}],"curies":[{"name":"wp","href":"https:\/\/api.w.org\/{rel}","templated":true}]}}