{"id":72248,"date":"2012-01-08T11:10:58","date_gmt":"2012-01-08T10:10:58","guid":{"rendered":"http:\/\/www.pcnen.com\/portal\/?p=72248"},"modified":"2012-01-08T11:11:39","modified_gmt":"2012-01-08T10:11:39","slug":"stogodisnjica-najstarijeg-oslobodilackog-pokreta-u-africi","status":"publish","type":"post","link":"https:\/\/www.pcnen.com\/portal\/2012\/01\/08\/stogodisnjica-najstarijeg-oslobodilackog-pokreta-u-africi\/","title":{"rendered":"Stogodi\u0161njica najstarijeg oslobodila\u010dkog pokreta u Africi"},"content":{"rendered":"<p><a href=\"http:\/\/www.pcnen.com\/portal\/wp-content\/uploads\/2012\/01\/ANC-arhivska-fotografija.jpg\"><img loading=\"lazy\" decoding=\"async\" class=\"alignleft size-thumbnail wp-image-72249\" title=\"ANC, arhivska fotografija\" src=\"http:\/\/www.pcnen.com\/portal\/wp-content\/uploads\/2012\/01\/ANC-arhivska-fotografija-150x150.jpg\" alt=\"\" width=\"150\" height=\"150\" \/><\/a>Afri\u010dki nacionalni kongres \u2013 najstariji oslobodila\u010dki pokret Crnog kontinenta \u2013 slavi jednovjekovni jubilej.<\/p>\n<p>Organizacija je osnovana u crkvi Vajhuk u Blumfontejnu u<a href=\"http:\/\/sh.wikipedia.org\/wiki\/Ju%C5%BEna_Afrika\"> Ju\u017enoafri\u010dkoj republici <\/a>8. januara 1912. i ujedinila je predstavnike razli\u010ditih naroda, koji su se zajedno izborili za likvidaciju sistema rasne netrpeljivosti i aparthejda.<\/p>\n<p>Danas je zaklan \u017ertveni bik, a zatim su prazni\u010dku molitvu slu\u017eili sve\u0161tenici razli\u010ditih konfesija \u2013 hri\u0161\u0107anske, muslimanske, rastafarijanske.<\/p>\n<p>O\u010dekuje se da \u0107e u proslavi u\u010destvovati vi\u0161e od 100.000 ljudi, me\u0111u kojima 46 predsjednika dr\u017eava.<\/p>\n","protected":false},"excerpt":{"rendered":"<p>Organizacija je osnovana u Blumfontejnu u Ju\u017enoafri\u010dkoj republici 8. januara 1912. <\/p>\n","protected":false},"author":1,"featured_media":0,"comment_status":"open","ping_status":"closed","sticky":false,"template":"","format":"standard","meta":{"_seopress_robots_primary_cat":"","_seopress_titles_title":"","_seopress_titles_desc":"","_seopress_robots_index":"","_et_pb_use_builder":"","_et_pb_old_content":"","_et_gb_content_width":"","inline_featured_image":false,"footnotes":""},"categories":[14,12],"tags":[],"class_list":["post-72248","post","type-post","status-publish","format-standard","hentry","category-vijesti","category-prica-dana"],"_links":{"self":[{"href":"https:\/\/www.pcnen.com\/portal\/wp-json\/wp\/v2\/posts\/72248","targetHints":{"allow":["GET"]}}],"collection":[{"href":"https:\/\/www.pcnen.com\/portal\/wp-json\/wp\/v2\/posts"}],"about":[{"href":"https:\/\/www.pcnen.com\/portal\/wp-json\/wp\/v2\/types\/post"}],"author":[{"embeddable":true,"href":"https:\/\/www.pcnen.com\/portal\/wp-json\/wp\/v2\/users\/1"}],"replies":[{"embeddable":true,"href":"https:\/\/www.pcnen.com\/portal\/wp-json\/wp\/v2\/comments?post=72248"}],"version-history":[{"count":0,"href":"https:\/\/www.pcnen.com\/portal\/wp-json\/wp\/v2\/posts\/72248\/revisions"}],"wp:attachment":[{"href":"https:\/\/www.pcnen.com\/portal\/wp-json\/wp\/v2\/media?parent=72248"}],"wp:term":[{"taxonomy":"category","embeddable":true,"href":"https:\/\/www.pcnen.com\/portal\/wp-json\/wp\/v2\/categories?post=72248"},{"taxonomy":"post_tag","embeddable":true,"href":"https:\/\/www.pcnen.com\/portal\/wp-json\/wp\/v2\/tags?post=72248"}],"curies":[{"name":"wp","href":"https:\/\/api.w.org\/{rel}","templated":true}]}}