{"id":72213,"date":"2012-01-07T18:24:03","date_gmt":"2012-01-07T17:24:03","guid":{"rendered":"http:\/\/www.pcnen.com\/portal\/?p=72213"},"modified":"2012-01-07T18:24:03","modified_gmt":"2012-01-07T17:24:03","slug":"gubitak-pamcenja-pocinje-sa-45-godina","status":"publish","type":"post","link":"https:\/\/www.pcnen.com\/portal\/2012\/01\/07\/gubitak-pamcenja-pocinje-sa-45-godina\/","title":{"rendered":"Gubitak pam\u0107enja po\u010dinje sa 45 godina"},"content":{"rendered":"<p><a href=\"http:\/\/www.pcnen.com\/portal\/wp-content\/uploads\/2012\/01\/alzheimerova.jpg\"><img loading=\"lazy\" decoding=\"async\" class=\"alignleft size-thumbnail wp-image-72214\" title=\"alzheimerova\" src=\"http:\/\/www.pcnen.com\/portal\/wp-content\/uploads\/2012\/01\/alzheimerova-150x150.jpg\" alt=\"\" width=\"150\" height=\"150\" \/><\/a>Zaklju\u010dak desetogodi\u0161nje studije u kojoj je u\u010destvovalo vi\u0161e od 7.000 britanskih vladinih slu\u017ebenika u suprotnosti je s ranijim saznanjima da pad kognitivnih sposobnosti ne po\u010dinje prije 60. godine \u017eivota te bi mogao imati dalekose\u017ean utjecaj na budu\u0107a istra\u017eivanja demencije.<\/p>\n<p>Velik broj novih lijekova za Alzheimerovu bolest, naj\u010de\u0161\u010di oblik demencije, trenutno je u fazi klini\u010dkih ispitivanja, ali o\u010dekivanja su niska i neki stru\u010dnjaci strahuju da se novi lijekovi testiranju na pacijentima koji su prestari da bi se pokazale njihove koristi.<\/p>\n<p>Me\u0111u kompanijama koje razvijaju nove lijekove je Eli Lilly koja radi na lijeku solanezumab te Elan i Johnson&amp;Johnson koji razvijaju bapineuzumab.<\/p>\n<p>Istra\u017eiva\u010dki tim predvo\u0111en Archanom Singh-Manoux iz Centra za istra\u017eivanje epidemiologije i javnog zdravlja u Francuskoj i s londonskog University College otkrio je umjereni pad umnih sposobnosti u \u017eena i mu\u0161karaca u dobi od 45 do 49 godina.<\/p>\n<p>Me\u0111u starijim osobama uklju\u010denima u studiju prosje\u010dan pad kognitivne funkcije bio je ve\u0107i, ali su zabilje\u017eene velike varijacije s obzirom na godine, uz tre\u0107inu ispitanika od 45 do 70 godina koji nisu pokazali nikakav pad.<\/p>\n<p>&#8216;To se ne doga\u0111a odjednom kada ostarite, nego promjene po\u010dnu puno ranije&#8217;, rekla je Singh-Manoux. &#8216;Idu\u0107i korak je to razlu\u010diti i potra\u017eiti faktore rizika&#8217;, dodala je.<\/p>\n<p>metro-portal.hr<\/p>\n","protected":false},"excerpt":{"rendered":"<p>Zaklju\u010dak desetogodi\u0161nje studije u kojoj je u\u010destvovalo vi\u0161e od 7.000 britanskih vladinih slu\u017ebenika u suprotnosti je s ranijim saznanjima da pad kognitivnih sposobnosti ne po\u010dinje prije 60. godine \u017eivota te bi mogao imati dalekose\u017ean utjecaj na budu\u0107a istra\u017eivanja demencije. Velik broj novih lijekova za Alzheimerovu bolest, naj\u010de\u0161\u010di oblik demencije, trenutno je u fazi klini\u010dkih ispitivanja, [&hellip;]<\/p>\n","protected":false},"author":1,"featured_media":0,"comment_status":"open","ping_status":"closed","sticky":false,"template":"","format":"standard","meta":{"_seopress_robots_primary_cat":"","_seopress_titles_title":"","_seopress_titles_desc":"","_seopress_robots_index":"","_et_pb_use_builder":"","_et_pb_old_content":"","_et_gb_content_width":"","inline_featured_image":false,"footnotes":""},"categories":[8],"tags":[],"class_list":["post-72213","post","type-post","status-publish","format-standard","hentry","category-svastara"],"_links":{"self":[{"href":"https:\/\/www.pcnen.com\/portal\/wp-json\/wp\/v2\/posts\/72213","targetHints":{"allow":["GET"]}}],"collection":[{"href":"https:\/\/www.pcnen.com\/portal\/wp-json\/wp\/v2\/posts"}],"about":[{"href":"https:\/\/www.pcnen.com\/portal\/wp-json\/wp\/v2\/types\/post"}],"author":[{"embeddable":true,"href":"https:\/\/www.pcnen.com\/portal\/wp-json\/wp\/v2\/users\/1"}],"replies":[{"embeddable":true,"href":"https:\/\/www.pcnen.com\/portal\/wp-json\/wp\/v2\/comments?post=72213"}],"version-history":[{"count":0,"href":"https:\/\/www.pcnen.com\/portal\/wp-json\/wp\/v2\/posts\/72213\/revisions"}],"wp:attachment":[{"href":"https:\/\/www.pcnen.com\/portal\/wp-json\/wp\/v2\/media?parent=72213"}],"wp:term":[{"taxonomy":"category","embeddable":true,"href":"https:\/\/www.pcnen.com\/portal\/wp-json\/wp\/v2\/categories?post=72213"},{"taxonomy":"post_tag","embeddable":true,"href":"https:\/\/www.pcnen.com\/portal\/wp-json\/wp\/v2\/tags?post=72213"}],"curies":[{"name":"wp","href":"https:\/\/api.w.org\/{rel}","templated":true}]}}