{"id":72171,"date":"2012-01-07T09:35:48","date_gmt":"2012-01-07T08:35:48","guid":{"rendered":"http:\/\/www.pcnen.com\/portal\/?p=72171"},"modified":"2012-01-07T16:41:14","modified_gmt":"2012-01-07T15:41:14","slug":"ponovo-prohodan-put-savnik-zabljak","status":"publish","type":"post","link":"https:\/\/www.pcnen.com\/portal\/2012\/01\/07\/ponovo-prohodan-put-savnik-zabljak\/","title":{"rendered":"Ponovo prohodan put \u0160avnik &#8211; \u017dabljak"},"content":{"rendered":"<p><a href=\"http:\/\/www.pcnen.com\/portal\/wp-content\/uploads\/2012\/01\/me%C4%87ava-na-putu.jpg\"><img loading=\"lazy\" decoding=\"async\" class=\"alignleft size-thumbnail wp-image-72172\" title=\"me\u0107ava na putu\" src=\"http:\/\/www.pcnen.com\/portal\/wp-content\/uploads\/2012\/01\/me%C4%87ava-na-putu-150x150.jpg\" alt=\"\" width=\"150\" height=\"150\" \/><\/a>Put \u0160avnik &#8211; \u017dabljak je ponovo otvoren za saobra\u0107aj danas\u00a0 oko 14.00 sati, saop\u0161tenp je iz Auto-moto saveza CG.<\/p>\n<p>Put je bio zatvoren za saobra\u0107aj zbog me\u0107ave.<\/p>\n<p>Za za kamione sa prikolicom i \u0161lepere danas nije bilo prolaza\u00a0 na putu Berane &#8211; Ro\u017eaje i Ro\u017eaje \u2013 Kula, saop\u0161tavaju iz <a href=\"http:\/\/www.amscg.org\/pages.php?id=3&amp;lang=cg\">Auto-moto saveza CG.<\/a><\/p>\n<p>Na sjeveru zemlje pada slab ili gust snijeg, a saobra\u0107aj ote\u017eava i sna\u017ena me\u0107ava.<\/p>\n<p>Od 06.00 sati ju\u010de do 06.00 danas na putevima u zemlji dogodilo se 26 saobra\u0107ajnih nezgoda u kojima je jedna osoba te\u017ee povrije\u0111ena.<\/p>\n","protected":false},"excerpt":{"rendered":"<p>Za kamione sa prikolicom i \u0161lepere nema prolaza na putu Berane &#8211; Ro\u017eaje i Ro\u017eaje \u2013 Kula.<\/p>\n","protected":false},"author":1,"featured_media":0,"comment_status":"open","ping_status":"closed","sticky":false,"template":"","format":"standard","meta":{"_seopress_robots_primary_cat":"","_seopress_titles_title":"","_seopress_titles_desc":"","_seopress_robots_index":"","_et_pb_use_builder":"","_et_pb_old_content":"","_et_gb_content_width":"","inline_featured_image":false,"footnotes":""},"categories":[14,12],"tags":[],"class_list":["post-72171","post","type-post","status-publish","format-standard","hentry","category-vijesti","category-prica-dana"],"_links":{"self":[{"href":"https:\/\/www.pcnen.com\/portal\/wp-json\/wp\/v2\/posts\/72171","targetHints":{"allow":["GET"]}}],"collection":[{"href":"https:\/\/www.pcnen.com\/portal\/wp-json\/wp\/v2\/posts"}],"about":[{"href":"https:\/\/www.pcnen.com\/portal\/wp-json\/wp\/v2\/types\/post"}],"author":[{"embeddable":true,"href":"https:\/\/www.pcnen.com\/portal\/wp-json\/wp\/v2\/users\/1"}],"replies":[{"embeddable":true,"href":"https:\/\/www.pcnen.com\/portal\/wp-json\/wp\/v2\/comments?post=72171"}],"version-history":[{"count":0,"href":"https:\/\/www.pcnen.com\/portal\/wp-json\/wp\/v2\/posts\/72171\/revisions"}],"wp:attachment":[{"href":"https:\/\/www.pcnen.com\/portal\/wp-json\/wp\/v2\/media?parent=72171"}],"wp:term":[{"taxonomy":"category","embeddable":true,"href":"https:\/\/www.pcnen.com\/portal\/wp-json\/wp\/v2\/categories?post=72171"},{"taxonomy":"post_tag","embeddable":true,"href":"https:\/\/www.pcnen.com\/portal\/wp-json\/wp\/v2\/tags?post=72171"}],"curies":[{"name":"wp","href":"https:\/\/api.w.org\/{rel}","templated":true}]}}