{"id":72168,"date":"2012-01-07T09:23:40","date_gmt":"2012-01-07T08:23:40","guid":{"rendered":"http:\/\/www.pcnen.com\/portal\/?p=72168"},"modified":"2012-01-07T09:23:40","modified_gmt":"2012-01-07T08:23:40","slug":"vrijeme-povremeno-orkanski-vjetrovito","status":"publish","type":"post","link":"https:\/\/www.pcnen.com\/portal\/2012\/01\/07\/vrijeme-povremeno-orkanski-vjetrovito\/","title":{"rendered":"Vrijeme: Povremeno orkanski vjetrovito"},"content":{"rendered":"<p>Danas \u0107e u ju\u017enim predjelima Crne Gore bitzi malo do umjereno obla\u010dno sa du\u017eim sun\u010danim intervalima, a na sjeveru umjereno do potpuno obla\u010dno. Uglavnom tokom prijepodneva \u00a0mjestimi\u010dno \u0107e padati slab snijeg ili \u0107e vijati me\u0107ava, saop\u0161tavaju iz Hidrometereolo\u0161kog zavoda.<\/p>\n<p>Duva\u0107e poja\u010dan do jak sjeverni i sjeveroisto\u010dni vjetar, povremeno na udare i orkanske ja\u010dine. Uu drugom dijelu dana vjetar \u0107e po\u010deti postepeno da slabi.<\/p>\n<p>Na Ju\u017enom Jadranu duva\u0107e sjeverni i sjeveroisto\u010dni vjetar, a na otvorenom moru ponegdje i sjeverozapadnjak brzinom od 12 do 30, a na udare od 35 do 75 \u010dvorova. Tokom no\u0107i vjetar \u0107e postepeno slabiti i njegova brzina bi\u0107e od 8 do 20, a na otvorenom jo\u0161 ponegdje na udare do 40 \u010dvorova.<\/p>\n<p>Temperatura vazduha sredinom dana od -6 do 12 stepeni Celzijusa.<\/p>\n<p>Sve do srijede \u0107e u ju\u017enim djelovima zemlje biti prete\u017eno sun\u010dano ili povremeno malo do umjereno obla\u010dno. Na sjeveru \u0107e biti umjereno do potpuno obla\u010dno, a povremeno \u0107e biti slabog \u00a0snijega ili me\u0107ave. U nedjelju se o\u010dekuje blagi rast temperature, a od ponedjeljka \u0107e \u017eiva u termometru ponovo nani\u017ee.<\/p>\n","protected":false},"excerpt":{"rendered":"<p>Danas \u0107e u ju\u017enim predjelima Crne Gore bitzi malo do umjereno obla\u010dno sa du\u017eim sun\u010danim intervalima, a na sjeveru umjereno do potpuno obla\u010dno. Uglavnom tokom prijepodneva \u00a0mjestimi\u010dno \u0107e padati slab snijeg ili \u0107e vijati me\u0107ava, saop\u0161tavaju iz Hidrometereolo\u0161kog zavoda. Duva\u0107e poja\u010dan do jak sjeverni i sjeveroisto\u010dni vjetar, povremeno na udare i orkanske ja\u010dine. Uu drugom [&hellip;]<\/p>\n","protected":false},"author":1,"featured_media":0,"comment_status":"open","ping_status":"closed","sticky":false,"template":"","format":"standard","meta":{"_seopress_robots_primary_cat":"","_seopress_titles_title":"","_seopress_titles_desc":"","_seopress_robots_index":"","_et_pb_use_builder":"","_et_pb_old_content":"","_et_gb_content_width":"","inline_featured_image":false,"footnotes":""},"categories":[14],"tags":[],"class_list":["post-72168","post","type-post","status-publish","format-standard","hentry","category-vijesti"],"_links":{"self":[{"href":"https:\/\/www.pcnen.com\/portal\/wp-json\/wp\/v2\/posts\/72168","targetHints":{"allow":["GET"]}}],"collection":[{"href":"https:\/\/www.pcnen.com\/portal\/wp-json\/wp\/v2\/posts"}],"about":[{"href":"https:\/\/www.pcnen.com\/portal\/wp-json\/wp\/v2\/types\/post"}],"author":[{"embeddable":true,"href":"https:\/\/www.pcnen.com\/portal\/wp-json\/wp\/v2\/users\/1"}],"replies":[{"embeddable":true,"href":"https:\/\/www.pcnen.com\/portal\/wp-json\/wp\/v2\/comments?post=72168"}],"version-history":[{"count":0,"href":"https:\/\/www.pcnen.com\/portal\/wp-json\/wp\/v2\/posts\/72168\/revisions"}],"wp:attachment":[{"href":"https:\/\/www.pcnen.com\/portal\/wp-json\/wp\/v2\/media?parent=72168"}],"wp:term":[{"taxonomy":"category","embeddable":true,"href":"https:\/\/www.pcnen.com\/portal\/wp-json\/wp\/v2\/categories?post=72168"},{"taxonomy":"post_tag","embeddable":true,"href":"https:\/\/www.pcnen.com\/portal\/wp-json\/wp\/v2\/tags?post=72168"}],"curies":[{"name":"wp","href":"https:\/\/api.w.org\/{rel}","templated":true}]}}