{"id":72165,"date":"2012-01-06T22:59:08","date_gmt":"2012-01-06T21:59:08","guid":{"rendered":"http:\/\/www.pcnen.com\/portal\/?p=72165"},"modified":"2012-01-06T22:59:08","modified_gmt":"2012-01-06T21:59:08","slug":"amfilohije-pozvao-pravoslavce-u-cg-na-ujedinjenje","status":"publish","type":"post","link":"https:\/\/www.pcnen.com\/portal\/2012\/01\/06\/amfilohije-pozvao-pravoslavce-u-cg-na-ujedinjenje\/","title":{"rendered":"Amfilohije pozvao pravoslavce u CG na ujedinjenje"},"content":{"rendered":"<p>Mitropolit crnogorsko-primorski Amfilohije pozvao je danas pravoslavce u Crnoj Gori na jedinstvo, dok je poglavar Crnogorske pravoslavne crkve (CPC) Mihailo poru\u010dio da ne\u0107e biti ujedinjenja dvije crkve, prenosi Beta.<\/p>\n<p>Vjernici u Crnoj Gori su i ove godine odvojeno obavljali ceremonije, ali bez nepetosti kao 1990-ih godina kada su kordoni policije razdvajali pristalice dvije crkve.<\/p>\n<p>Centralne proslave odr\u017eane su na Cetinju gdje su pristalice dvije crkve istovremeno lo\u017eile badnjake na razdaljini od nekoliko stotina metara.<\/p>\n<p>Mitropolit crnogorsko-primorski Amfilohije je ispred Cetinjskog manastira pozvao vjernike na jedinstvo i da se naredne godine okupe oko jednog badnjaka &#8211; badnjaka mitropolije Srpske poravoslavne crkve (SPC).<\/p>\n<p>&#8220;Ja ih odavde, sve njih, blagosiljam i molim pred \u0107ivotom Svetoga Petra i pred ognjem da ubudu\u0107e i oni pri\u0111u ovdje ovome mjestu gdje su se njihovi preci sabirali, da se ne odvajaju od svoje bra\u0107e i da se ne udaljuju od \u0107ivota Svetog Petra i da se ne udaljujemo jedni od drugih&#8221;, poru\u010dio je Amfilohije.<\/p>\n<p>Poglavar Crnogorske pravoslavne crkve (CPC) Mihailo je posle ceremonije na Cetinju poru\u010dio da ujedinjenja dvije pravoslavne crkve ne\u0107e biti.<\/p>\n<p>&#8220;Svima onima koji govore o ujedinjenju srpske i crnogorske pravoslavne crkve, poru\u010dujemo da takvo ujedinjenje, ne postoji u pravoslavlju&#8221;, kazao je Mihailo i ukazao da SPC &#8220;ne priznaje dr\u017eavu Crnu Goru, njen narod i naciju&#8221;.<\/p>\n<p>Mihailo je poru\u010dio &#8220;da crnogorske crkve nema bez dr\u017eave, ali ni dr\u017eave bez crnogorske crkve&#8221;, i da &#8220;Crnogorska pravoslavna crkva mora pod svoje okrilje vratiti hramove koji joj pripadaju\u201d.<\/p>\n","protected":false},"excerpt":{"rendered":"<p>Mitropolit crnogorsko-primorski Amfilohije pozvao je danas pravoslavce u Crnoj Gori na jedinstvo, dok je poglavar Crnogorske pravoslavne crkve (CPC) Mihailo poru\u010dio da ne\u0107e biti ujedinjenja dvije crkve, prenosi Beta. Vjernici u Crnoj Gori su i ove godine odvojeno obavljali ceremonije, ali bez nepetosti kao 1990-ih godina kada su kordoni policije razdvajali pristalice dvije crkve. Centralne [&hellip;]<\/p>\n","protected":false},"author":1,"featured_media":0,"comment_status":"open","ping_status":"closed","sticky":false,"template":"","format":"standard","meta":{"_seopress_robots_primary_cat":"","_seopress_titles_title":"","_seopress_titles_desc":"","_seopress_robots_index":"","_et_pb_use_builder":"","_et_pb_old_content":"","_et_gb_content_width":"","inline_featured_image":false,"footnotes":""},"categories":[14],"tags":[],"class_list":["post-72165","post","type-post","status-publish","format-standard","hentry","category-vijesti"],"_links":{"self":[{"href":"https:\/\/www.pcnen.com\/portal\/wp-json\/wp\/v2\/posts\/72165","targetHints":{"allow":["GET"]}}],"collection":[{"href":"https:\/\/www.pcnen.com\/portal\/wp-json\/wp\/v2\/posts"}],"about":[{"href":"https:\/\/www.pcnen.com\/portal\/wp-json\/wp\/v2\/types\/post"}],"author":[{"embeddable":true,"href":"https:\/\/www.pcnen.com\/portal\/wp-json\/wp\/v2\/users\/1"}],"replies":[{"embeddable":true,"href":"https:\/\/www.pcnen.com\/portal\/wp-json\/wp\/v2\/comments?post=72165"}],"version-history":[{"count":0,"href":"https:\/\/www.pcnen.com\/portal\/wp-json\/wp\/v2\/posts\/72165\/revisions"}],"wp:attachment":[{"href":"https:\/\/www.pcnen.com\/portal\/wp-json\/wp\/v2\/media?parent=72165"}],"wp:term":[{"taxonomy":"category","embeddable":true,"href":"https:\/\/www.pcnen.com\/portal\/wp-json\/wp\/v2\/categories?post=72165"},{"taxonomy":"post_tag","embeddable":true,"href":"https:\/\/www.pcnen.com\/portal\/wp-json\/wp\/v2\/tags?post=72165"}],"curies":[{"name":"wp","href":"https:\/\/api.w.org\/{rel}","templated":true}]}}