{"id":72158,"date":"2012-01-06T22:36:37","date_gmt":"2012-01-06T21:36:37","guid":{"rendered":"http:\/\/www.pcnen.com\/portal\/?p=72158"},"modified":"2012-01-06T22:48:36","modified_gmt":"2012-01-06T21:48:36","slug":"dukanovic-keljmendi-je-doveo-prijatelje-da-glasaju-za-nezavisnost","status":"publish","type":"post","link":"https:\/\/www.pcnen.com\/portal\/2012\/01\/06\/dukanovic-keljmendi-je-doveo-prijatelje-da-glasaju-za-nezavisnost\/","title":{"rendered":"\u0110ukanovi\u0107: Keljmendi je doveo prijatelje da glasaju za nezavisnost"},"content":{"rendered":"<p>Predsjednik DPS-a Milo \u0110ukanovi\u0107 rekao je da ne poznaje li\u010dno Darka \u0160ari\u0107a i Nasera Keljmendija i negirao da je Keljmendi finansirao DPS.<\/p>\n<p>&#8220;Znam mnogo ljudi iz dijaspore koji su imali bolje materijalne mogu\u0107nosti od drugih, pa su do\u0161av\u0161i da daju svoj prilog crnogorskoj nezavisnosti, vjerovatno sa sobom poveli 10, 20, 30 svojih prijatelja koji su tako\u0111e u bira\u010dkom spisku&#8230;Tako sam razumio <a title=\"Keljmendi glasao na referendumu i \u2018ne radi drogu\u2019\" href=\"http:\/\/www.pcnen.com\/portal\/2011\/12\/11\/keljmendi-glasao-na-referendumu-i-ne-radi-drogu\/\">taj dio intervjua Nasera Keljmendija<\/a>, zbog toga ne mogu vam ni\u0161ta vi\u0161e re\u0107i. Ne poznajem ga li\u010dno i nije mi poznato da je na bilo koji drugi na\u010din finansirao DPS&#8221;, rekao je \u0110ukanovi\u0107<a href=\"http:\/\/bcove.me\/8rkhbl3x\"> televiziji Al-D\u017eazira (video).<\/a><\/p>\n<p>\u0110ukanovi\u0107 je rekao da \u0160ari\u0107a zna iz medija i ponovio stav da je afera &#8220;Listing&#8221; usmjerena protiv crnogorskog evropskog puta.<\/p>\n<p>&nbsp;<\/p>\n<p>&nbsp;<\/p>\n","protected":false},"excerpt":{"rendered":"<p>Predsjednik DPS-a Milo \u0110ukanovi\u0107 rekao je da ne poznaje li\u010dno Darka \u0160ari\u0107a i Nasera Keljmendija i negirao da je Keljmendi finansirao DPS. &#8220;Znam mnogo ljudi iz dijaspore koji su imali bolje materijalne mogu\u0107nosti od drugih, pa su do\u0161av\u0161i da daju svoj prilog crnogorskoj nezavisnosti, vjerovatno sa sobom poveli 10, 20, 30 svojih prijatelja koji su [&hellip;]<\/p>\n","protected":false},"author":1,"featured_media":0,"comment_status":"open","ping_status":"closed","sticky":false,"template":"","format":"standard","meta":{"_seopress_robots_primary_cat":"","_seopress_titles_title":"","_seopress_titles_desc":"","_seopress_robots_index":"","_et_pb_use_builder":"","_et_pb_old_content":"","_et_gb_content_width":"","inline_featured_image":false,"footnotes":""},"categories":[14],"tags":[],"class_list":["post-72158","post","type-post","status-publish","format-standard","hentry","category-vijesti"],"_links":{"self":[{"href":"https:\/\/www.pcnen.com\/portal\/wp-json\/wp\/v2\/posts\/72158","targetHints":{"allow":["GET"]}}],"collection":[{"href":"https:\/\/www.pcnen.com\/portal\/wp-json\/wp\/v2\/posts"}],"about":[{"href":"https:\/\/www.pcnen.com\/portal\/wp-json\/wp\/v2\/types\/post"}],"author":[{"embeddable":true,"href":"https:\/\/www.pcnen.com\/portal\/wp-json\/wp\/v2\/users\/1"}],"replies":[{"embeddable":true,"href":"https:\/\/www.pcnen.com\/portal\/wp-json\/wp\/v2\/comments?post=72158"}],"version-history":[{"count":0,"href":"https:\/\/www.pcnen.com\/portal\/wp-json\/wp\/v2\/posts\/72158\/revisions"}],"wp:attachment":[{"href":"https:\/\/www.pcnen.com\/portal\/wp-json\/wp\/v2\/media?parent=72158"}],"wp:term":[{"taxonomy":"category","embeddable":true,"href":"https:\/\/www.pcnen.com\/portal\/wp-json\/wp\/v2\/categories?post=72158"},{"taxonomy":"post_tag","embeddable":true,"href":"https:\/\/www.pcnen.com\/portal\/wp-json\/wp\/v2\/tags?post=72158"}],"curies":[{"name":"wp","href":"https:\/\/api.w.org\/{rel}","templated":true}]}}