{"id":72149,"date":"2012-01-06T19:22:55","date_gmt":"2012-01-06T18:22:55","guid":{"rendered":"http:\/\/www.pcnen.com\/portal\/?p=72149"},"modified":"2012-01-06T19:22:55","modified_gmt":"2012-01-06T18:22:55","slug":"josipovic-i-milanovic-veceras-na-liturgiji","status":"publish","type":"post","link":"https:\/\/www.pcnen.com\/portal\/2012\/01\/06\/josipovic-i-milanovic-veceras-na-liturgiji\/","title":{"rendered":"Josipovi\u0107 i Milanovi\u0107 ve\u010deras na liturgiji"},"content":{"rendered":"<p>Predsjednik i premijer Hrvatske Ivo Josipovi\u0107 i Zoran Milanovi\u0107 prisustvova\u0107e ve\u010deras na Badnje ve\u010de pravoslavnoj liturgiji u Hramu Preobra\u017eenja Gospodnjeg u centru Zagreba.<\/p>\n<p>&#8220;Ovo je jedinstven slu\u010daj da predsjednik i premijer dolaze na takav na\u010din jednoj nacionalnoj manjini i jednoj Crkvi. Hrvatska time u evropskim integracijama pokazuje ne\u0161to \u0161to je najpozitivnije i daje nam nadu da \u0107e se prevladati ova situacija i kriza u kojoj se nalazimo te da \u0107emo \u017eiveti u dru\u0161tvu me\u0111usobnog razumijevanja i saradnje&#8221;, rekao je danas mitropolit zagreba\u010dko-ljubljanski i cijele Italije SPC Jovan Pavlovi\u0107, prenosi Radio Slobodna Evropa.<\/p>\n<p>Ovo \u0107e biti prvi put da hrvatski predsjednik i premijer zajedno prisustvuju jednoj pravoslavnoj liturgiji.<\/p>\n","protected":false},"excerpt":{"rendered":"<p>Predsjednik i premijer Hrvatske Ivo Josipovi\u0107 i Zoran Milanovi\u0107 prisustvova\u0107e ve\u010deras na Badnje ve\u010de pravoslavnoj liturgiji u Hramu Preobra\u017eenja Gospodnjeg u centru Zagreba. &#8220;Ovo je jedinstven slu\u010daj da predsjednik i premijer dolaze na takav na\u010din jednoj nacionalnoj manjini i jednoj Crkvi. Hrvatska time u evropskim integracijama pokazuje ne\u0161to \u0161to je najpozitivnije i daje nam nadu [&hellip;]<\/p>\n","protected":false},"author":1,"featured_media":0,"comment_status":"open","ping_status":"closed","sticky":false,"template":"","format":"standard","meta":{"_seopress_robots_primary_cat":"","_seopress_titles_title":"","_seopress_titles_desc":"","_seopress_robots_index":"","_et_pb_use_builder":"","_et_pb_old_content":"","_et_gb_content_width":"","inline_featured_image":false,"footnotes":""},"categories":[14],"tags":[],"class_list":["post-72149","post","type-post","status-publish","format-standard","hentry","category-vijesti"],"_links":{"self":[{"href":"https:\/\/www.pcnen.com\/portal\/wp-json\/wp\/v2\/posts\/72149","targetHints":{"allow":["GET"]}}],"collection":[{"href":"https:\/\/www.pcnen.com\/portal\/wp-json\/wp\/v2\/posts"}],"about":[{"href":"https:\/\/www.pcnen.com\/portal\/wp-json\/wp\/v2\/types\/post"}],"author":[{"embeddable":true,"href":"https:\/\/www.pcnen.com\/portal\/wp-json\/wp\/v2\/users\/1"}],"replies":[{"embeddable":true,"href":"https:\/\/www.pcnen.com\/portal\/wp-json\/wp\/v2\/comments?post=72149"}],"version-history":[{"count":0,"href":"https:\/\/www.pcnen.com\/portal\/wp-json\/wp\/v2\/posts\/72149\/revisions"}],"wp:attachment":[{"href":"https:\/\/www.pcnen.com\/portal\/wp-json\/wp\/v2\/media?parent=72149"}],"wp:term":[{"taxonomy":"category","embeddable":true,"href":"https:\/\/www.pcnen.com\/portal\/wp-json\/wp\/v2\/categories?post=72149"},{"taxonomy":"post_tag","embeddable":true,"href":"https:\/\/www.pcnen.com\/portal\/wp-json\/wp\/v2\/tags?post=72149"}],"curies":[{"name":"wp","href":"https:\/\/api.w.org\/{rel}","templated":true}]}}