{"id":72131,"date":"2012-01-06T15:35:54","date_gmt":"2012-01-06T14:35:54","guid":{"rendered":"http:\/\/www.pcnen.com\/portal\/?p=72131"},"modified":"2012-01-06T15:35:54","modified_gmt":"2012-01-06T14:35:54","slug":"sad-salju-trupe-u-izrael","status":"publish","type":"post","link":"https:\/\/www.pcnen.com\/portal\/2012\/01\/06\/sad-salju-trupe-u-izrael\/","title":{"rendered":"SAD \u0161alju trupe u Izrael"},"content":{"rendered":"<p>Prema najnovijim informacijama, ameri\u010dka vojska sprema masovni vojni anga\u017eman na Bliskom Istoku. Hiljade vojnika u kopnenim trupama, ratni brodovi i ostalo naoru\u017eanje trebalo bi uskoro da krene za Izrael, gdje bi, prema slu\u017ebenim saop\u0161tenjima, trebale da stignu kao dio velikih zajedni\u010dkih vojnih vje\u017ebi koje \u0107e se odr\u017eati krajem ovog mjeseca i kasnije u prolje\u0107e.<\/p>\n<p>Ali po svemu sude\u0107i, ovaj potez mogao bi biti prvi korak u pokretanju vojne ofanzive protiv Irana, prenosi portal <a href=\"http:\/\/www.advance.hr\/vijesti\/vojne-vjezbe-ili-pocetak-rata-s-iranom-amerika-salje-trupe-u-izrael\/\">advance.hr.<\/a><\/p>\n<p>To je potvrdio i komandant ameri\u010dkih vazdu\u0161nih snaga stacioniranih u Njema\u010dkoj, general Frank Gorenc. U razgovoru za izraelski list <em>Jerusalem Post<\/em>, on je rekao: &#8220;Ovo nije samo vojna vje\u017eba, ovo je razvrstavanje.&#8221;<\/p>\n<p>U isto vrijeme, me\u0111unarodna agencija za atomsku energiju (IAEA) tvrdi da \u0107e Iran imati atomsku bombu za &#8220;godinu dana, mo\u017eda i ranije&#8221;, ukoliko, kako se sumnja, posjeduju tajnu lokaciju za oboga\u0107ivanje urana.<\/p>\n<p>Ameri\u010dki analiti\u010dar Robert Parry tvrdi kako je direktor agencije IAEA Yukiya Amano instaliran od strane SAD.Drugim rije\u010dima IAEA uop\u0161te nema dokaze da Iran planira da napravi bombu, a agresivno stvaranje uslova za rat bazirano je isklju\u010divo na pretpostavkama.<\/p>\n","protected":false},"excerpt":{"rendered":"<p>Prema najnovijim informacijama, ameri\u010dka vojska sprema masovni vojni anga\u017eman na Bliskom Istoku. Hiljade vojnika u kopnenim trupama, ratni brodovi i ostalo naoru\u017eanje trebalo bi uskoro da krene za Izrael, gdje bi, prema slu\u017ebenim saop\u0161tenjima, trebale da stignu kao dio velikih zajedni\u010dkih vojnih vje\u017ebi koje \u0107e se odr\u017eati krajem ovog mjeseca i kasnije u prolje\u0107e. Ali [&hellip;]<\/p>\n","protected":false},"author":1,"featured_media":0,"comment_status":"open","ping_status":"closed","sticky":false,"template":"","format":"standard","meta":{"_seopress_robots_primary_cat":"","_seopress_titles_title":"","_seopress_titles_desc":"","_seopress_robots_index":"","_et_pb_use_builder":"","_et_pb_old_content":"","_et_gb_content_width":"","inline_featured_image":false,"footnotes":""},"categories":[14],"tags":[],"class_list":["post-72131","post","type-post","status-publish","format-standard","hentry","category-vijesti"],"_links":{"self":[{"href":"https:\/\/www.pcnen.com\/portal\/wp-json\/wp\/v2\/posts\/72131","targetHints":{"allow":["GET"]}}],"collection":[{"href":"https:\/\/www.pcnen.com\/portal\/wp-json\/wp\/v2\/posts"}],"about":[{"href":"https:\/\/www.pcnen.com\/portal\/wp-json\/wp\/v2\/types\/post"}],"author":[{"embeddable":true,"href":"https:\/\/www.pcnen.com\/portal\/wp-json\/wp\/v2\/users\/1"}],"replies":[{"embeddable":true,"href":"https:\/\/www.pcnen.com\/portal\/wp-json\/wp\/v2\/comments?post=72131"}],"version-history":[{"count":0,"href":"https:\/\/www.pcnen.com\/portal\/wp-json\/wp\/v2\/posts\/72131\/revisions"}],"wp:attachment":[{"href":"https:\/\/www.pcnen.com\/portal\/wp-json\/wp\/v2\/media?parent=72131"}],"wp:term":[{"taxonomy":"category","embeddable":true,"href":"https:\/\/www.pcnen.com\/portal\/wp-json\/wp\/v2\/categories?post=72131"},{"taxonomy":"post_tag","embeddable":true,"href":"https:\/\/www.pcnen.com\/portal\/wp-json\/wp\/v2\/tags?post=72131"}],"curies":[{"name":"wp","href":"https:\/\/api.w.org\/{rel}","templated":true}]}}