{"id":72124,"date":"2012-01-06T15:11:30","date_gmt":"2012-01-06T14:11:30","guid":{"rendered":"http:\/\/www.pcnen.com\/portal\/?p=72124"},"modified":"2012-01-06T15:11:30","modified_gmt":"2012-01-06T14:11:30","slug":"protest-zbog-dolaska-predsjednika-srbije-na-kosovo","status":"publish","type":"post","link":"https:\/\/www.pcnen.com\/portal\/2012\/01\/06\/protest-zbog-dolaska-predsjednika-srbije-na-kosovo\/","title":{"rendered":"Protest zbog dolaska predsjednika Srbije na Kosovo"},"content":{"rendered":"<p><a href=\"http:\/\/www.pcnen.com\/portal\/wp-content\/uploads\/2012\/01\/Protest-u-De%C4%8Danima.jpg\"><img loading=\"lazy\" decoding=\"async\" class=\"alignleft size-thumbnail wp-image-72125\" title=\"Protest u De\u010danima\" src=\"http:\/\/www.pcnen.com\/portal\/wp-content\/uploads\/2012\/01\/Protest-u-De%C4%8Danima-150x150.jpg\" alt=\"\" width=\"150\" height=\"150\" \/><\/a>Vi\u0161e stotina pripadnika opozicionog pokreta <em>Samoopredeljenje<\/em> blokiralo je danas oko 12.30 na sat vremena centar De\u010dana u znak protesta zbog najavljenog dolaska predsjednika Srbije Borisa Tadi\u0107a u manastir Visoki De\u010dani, javlja agencija Tanjug.<\/p>\n<p>Oni su sprije\u010dili prolazak jednog autobusa sa vjernicima iz \u0110akovice, koji su se uputili ku\u0107i poslije posjete manastiru, kao i automobila sa ambasadorima Rusije i Belorusije, Aleksandrom Konuzinom i Vladimirom \u010cu\u0161evim, koji su, potom, u pratnji vladike Jovana uputili u Pe\u0107ku patrijar\u0161iju.<\/p>\n<p>Ranije su dozvolili prolaz vladici Teodosiju.<\/p>\n<p>Demonstranti su se, u me\u0111uvremenu, sklonili sa puta i stoje po strani, a jake snage Kosovske policijske slu\u017ebe (KPS) obezbje\u0111uju De\u010dane.<\/p>\n<p>Portparol KPS Ze\u0107ir Keljmendi je izjavio za Tanjug da nijesu ta\u010dne informacije da su neki pripadnici pokreta <em>Samoopredjeljenje<\/em> uhapa\u0161eni.<\/p>\n<p>Dolazak Tadi\u0107a u Visoke De\u010dane, gdje \u0107e boraviti za Bo\u017ei\u0107, o\u010dekuje se kasnije popodne.<\/p>\n<p>Vlada Kosova je ju\u010de saop\u0161tila da je saglasna s posjetom Tadi\u0107a, koju vidi kao posjetu vjerskog karaktera.<\/p>\n","protected":false},"excerpt":{"rendered":"<p>Vi\u0161e stotina pripadnika pokreta Samoopredeljenje blokiralo je na sat vremena centar De\u010dana.<\/p>\n","protected":false},"author":1,"featured_media":0,"comment_status":"open","ping_status":"closed","sticky":false,"template":"","format":"standard","meta":{"_seopress_robots_primary_cat":"","_seopress_titles_title":"","_seopress_titles_desc":"","_seopress_robots_index":"","_et_pb_use_builder":"","_et_pb_old_content":"","_et_gb_content_width":"","inline_featured_image":false,"footnotes":""},"categories":[14,12],"tags":[],"class_list":["post-72124","post","type-post","status-publish","format-standard","hentry","category-vijesti","category-prica-dana"],"_links":{"self":[{"href":"https:\/\/www.pcnen.com\/portal\/wp-json\/wp\/v2\/posts\/72124","targetHints":{"allow":["GET"]}}],"collection":[{"href":"https:\/\/www.pcnen.com\/portal\/wp-json\/wp\/v2\/posts"}],"about":[{"href":"https:\/\/www.pcnen.com\/portal\/wp-json\/wp\/v2\/types\/post"}],"author":[{"embeddable":true,"href":"https:\/\/www.pcnen.com\/portal\/wp-json\/wp\/v2\/users\/1"}],"replies":[{"embeddable":true,"href":"https:\/\/www.pcnen.com\/portal\/wp-json\/wp\/v2\/comments?post=72124"}],"version-history":[{"count":0,"href":"https:\/\/www.pcnen.com\/portal\/wp-json\/wp\/v2\/posts\/72124\/revisions"}],"wp:attachment":[{"href":"https:\/\/www.pcnen.com\/portal\/wp-json\/wp\/v2\/media?parent=72124"}],"wp:term":[{"taxonomy":"category","embeddable":true,"href":"https:\/\/www.pcnen.com\/portal\/wp-json\/wp\/v2\/categories?post=72124"},{"taxonomy":"post_tag","embeddable":true,"href":"https:\/\/www.pcnen.com\/portal\/wp-json\/wp\/v2\/tags?post=72124"}],"curies":[{"name":"wp","href":"https:\/\/api.w.org\/{rel}","templated":true}]}}