{"id":72108,"date":"2012-01-06T11:58:12","date_gmt":"2012-01-06T10:58:12","guid":{"rendered":"http:\/\/www.pcnen.com\/portal\/?p=72108"},"modified":"2012-01-06T11:58:12","modified_gmt":"2012-01-06T10:58:12","slug":"muz-julije-timosenko-pobjegao-u-cesku","status":"publish","type":"post","link":"https:\/\/www.pcnen.com\/portal\/2012\/01\/06\/muz-julije-timosenko-pobjegao-u-cesku\/","title":{"rendered":"Mu\u017e Julije Timo\u0161enko pobjegao u \u010ce\u0161ku"},"content":{"rendered":"<p>Aleksandar Timo\u0161enko, suprug biv\u0161e ukrajinske premijerke Julije Timo\u0161enko, koja u domovini izdr\u017eava kaznu od sedam godina zatvora, pobjegao je u \u010ce\u0161ku gdje je zatra\u017eio azil, prenose agencije.<\/p>\n<p>&#8220;Timo\u0161enko je u \u010ce\u0161koj&#8221;, potvrdio je \u010de\u0161kom radiju ministar inostranih poslova Karel \u0160varcenberg.<\/p>\n<p>Prema nezvani\u010dnim saznanjima lista <em>Pravo<\/em>, izvjesno je da \u0107e Timo\u0161enko dobiti politi\u010dki azil u zemlji gdje ve\u0107 10 godina ima registrovano trgovinsko preduze\u0107e.<\/p>\n<p>Julija Timo\u0161enko je u oktobru lani osu\u0111ena na sedam godina zatvora za zlouputrebu slu\u017ebenog polo\u017eaja prilikom ugovaranja isporuka i tranzita ruskog gasa preko Ukrajine, a predstoje joj i su\u0111enja zbog navodne pronevjere dr\u017eavnog novca, korupcije i utaje poreza tokom 1990-tih.<\/p>\n<p>Aleksandar Timo\u0161enko je, zajedno sa suprugom, proveo neko vrijeme u istra\u017enom zatvoru upravo tokom istrage poslovnih aktivnosti u ukrajinskoj energetici, kada su se oboje vrlo brzo obogatili.<\/p>\n<p>Evropska unija je ozna\u010dila su\u0111enje Juliji Timo\u0161enko kao politi\u010dki obra\u010dun sa opozicijom.<\/p>\n","protected":false},"excerpt":{"rendered":"<p>Aleksandar Timo\u0161enko, suprug biv\u0161e ukrajinske premijerke Julije Timo\u0161enko, koja u domovini izdr\u017eava kaznu od sedam godina zatvora, pobjegao je u \u010ce\u0161ku gdje je zatra\u017eio azil, prenose agencije. &#8220;Timo\u0161enko je u \u010ce\u0161koj&#8221;, potvrdio je \u010de\u0161kom radiju ministar inostranih poslova Karel \u0160varcenberg. Prema nezvani\u010dnim saznanjima lista Pravo, izvjesno je da \u0107e Timo\u0161enko dobiti politi\u010dki azil u zemlji [&hellip;]<\/p>\n","protected":false},"author":1,"featured_media":0,"comment_status":"open","ping_status":"closed","sticky":false,"template":"","format":"standard","meta":{"_seopress_robots_primary_cat":"","_seopress_titles_title":"","_seopress_titles_desc":"","_seopress_robots_index":"","_et_pb_use_builder":"","_et_pb_old_content":"","_et_gb_content_width":"","inline_featured_image":false,"footnotes":""},"categories":[14],"tags":[],"class_list":["post-72108","post","type-post","status-publish","format-standard","hentry","category-vijesti"],"_links":{"self":[{"href":"https:\/\/www.pcnen.com\/portal\/wp-json\/wp\/v2\/posts\/72108","targetHints":{"allow":["GET"]}}],"collection":[{"href":"https:\/\/www.pcnen.com\/portal\/wp-json\/wp\/v2\/posts"}],"about":[{"href":"https:\/\/www.pcnen.com\/portal\/wp-json\/wp\/v2\/types\/post"}],"author":[{"embeddable":true,"href":"https:\/\/www.pcnen.com\/portal\/wp-json\/wp\/v2\/users\/1"}],"replies":[{"embeddable":true,"href":"https:\/\/www.pcnen.com\/portal\/wp-json\/wp\/v2\/comments?post=72108"}],"version-history":[{"count":0,"href":"https:\/\/www.pcnen.com\/portal\/wp-json\/wp\/v2\/posts\/72108\/revisions"}],"wp:attachment":[{"href":"https:\/\/www.pcnen.com\/portal\/wp-json\/wp\/v2\/media?parent=72108"}],"wp:term":[{"taxonomy":"category","embeddable":true,"href":"https:\/\/www.pcnen.com\/portal\/wp-json\/wp\/v2\/categories?post=72108"},{"taxonomy":"post_tag","embeddable":true,"href":"https:\/\/www.pcnen.com\/portal\/wp-json\/wp\/v2\/tags?post=72108"}],"curies":[{"name":"wp","href":"https:\/\/api.w.org\/{rel}","templated":true}]}}