{"id":72097,"date":"2012-01-06T11:05:25","date_gmt":"2012-01-06T10:05:25","guid":{"rendered":"http:\/\/www.pcnen.com\/portal\/?p=72097"},"modified":"2012-01-06T11:05:25","modified_gmt":"2012-01-06T10:05:25","slug":"poplavljen-sjever-holandije-pocela-evakuacija","status":"publish","type":"post","link":"https:\/\/www.pcnen.com\/portal\/2012\/01\/06\/poplavljen-sjever-holandije-pocela-evakuacija\/","title":{"rendered":"Poplavljen sjever Holandije &#8211; po\u010dela evakuacija"},"content":{"rendered":"<p>Vojska i policija u\u010destvuju u evakuaciji 800 ljudi iz \u010detiri sela na sjeveru Holandije zbog straha od mogu\u0107ih poplava, izjavili su danas zvani\u010dnici u ovoj zemlji.<\/p>\n<p>Brana uz glavni kanal mo\u017eda \u0107e popustiti, zbog \u010dega bi stotine hektara bilo poplavljeno, prenose agencije.<\/p>\n<p>Evakuacija je nalo\u017eena poslije jakih ki\u0161a, sna\u017enih sjeverozapadnih vjetrova i talasa koji ne dozvoljavaju da se voda ispumpa u more.<\/p>\n","protected":false},"excerpt":{"rendered":"<p>Vojska i policija u\u010destvuju u evakuaciji 800 ljudi iz \u010detiri sela na sjeveru Holandije zbog straha od mogu\u0107ih poplava, izjavili su danas zvani\u010dnici u ovoj zemlji. Brana uz glavni kanal mo\u017eda \u0107e popustiti, zbog \u010dega bi stotine hektara bilo poplavljeno, prenose agencije. Evakuacija je nalo\u017eena poslije jakih ki\u0161a, sna\u017enih sjeverozapadnih vjetrova i talasa koji ne [&hellip;]<\/p>\n","protected":false},"author":1,"featured_media":0,"comment_status":"open","ping_status":"closed","sticky":false,"template":"","format":"standard","meta":{"_seopress_robots_primary_cat":"","_seopress_titles_title":"","_seopress_titles_desc":"","_seopress_robots_index":"","_et_pb_use_builder":"","_et_pb_old_content":"","_et_gb_content_width":"","inline_featured_image":false,"footnotes":""},"categories":[14],"tags":[],"class_list":["post-72097","post","type-post","status-publish","format-standard","hentry","category-vijesti"],"_links":{"self":[{"href":"https:\/\/www.pcnen.com\/portal\/wp-json\/wp\/v2\/posts\/72097","targetHints":{"allow":["GET"]}}],"collection":[{"href":"https:\/\/www.pcnen.com\/portal\/wp-json\/wp\/v2\/posts"}],"about":[{"href":"https:\/\/www.pcnen.com\/portal\/wp-json\/wp\/v2\/types\/post"}],"author":[{"embeddable":true,"href":"https:\/\/www.pcnen.com\/portal\/wp-json\/wp\/v2\/users\/1"}],"replies":[{"embeddable":true,"href":"https:\/\/www.pcnen.com\/portal\/wp-json\/wp\/v2\/comments?post=72097"}],"version-history":[{"count":0,"href":"https:\/\/www.pcnen.com\/portal\/wp-json\/wp\/v2\/posts\/72097\/revisions"}],"wp:attachment":[{"href":"https:\/\/www.pcnen.com\/portal\/wp-json\/wp\/v2\/media?parent=72097"}],"wp:term":[{"taxonomy":"category","embeddable":true,"href":"https:\/\/www.pcnen.com\/portal\/wp-json\/wp\/v2\/categories?post=72097"},{"taxonomy":"post_tag","embeddable":true,"href":"https:\/\/www.pcnen.com\/portal\/wp-json\/wp\/v2\/tags?post=72097"}],"curies":[{"name":"wp","href":"https:\/\/api.w.org\/{rel}","templated":true}]}}