{"id":72093,"date":"2012-01-06T10:59:54","date_gmt":"2012-01-06T09:59:54","guid":{"rendered":"http:\/\/www.pcnen.com\/portal\/?p=72093"},"modified":"2012-01-06T10:59:54","modified_gmt":"2012-01-06T09:59:54","slug":"predstavljen-regionalni-tim-javnih-zagovaraca-inicijative-za-rekom","status":"publish","type":"post","link":"https:\/\/www.pcnen.com\/portal\/2012\/01\/06\/predstavljen-regionalni-tim-javnih-zagovaraca-inicijative-za-rekom\/","title":{"rendered":"Predstavljen Regionalni tim javnih zagovara\u010da Inicijative za REKOM"},"content":{"rendered":"<p>Iz \u0161tampe je iza\u0161ao drugi broj <em>Glasa<\/em>, biltena Inicijative za REKOM. Broj je posve\u0107en predstavljanju Regionalnog tima javnih zagovara\u010da Inicijative za REKOM.<\/p>\n<p>Bilten je dostupan i online <a href=\"http:\/\/zarekom.org\/Glas-Inicijative-za-REKOM\/Glas-Inicijative-za-REKOM-2\/2011.cg.html\">na sajtu <\/a>Inicijative za REKOM.<\/p>\n<p style=\"text-align: center;\"><a href=\"http:\/\/www.pcnen.com\/portal\/wp-content\/uploads\/2012\/01\/Glas-Inicijative-za-REKOM.jpg\"><img loading=\"lazy\" decoding=\"async\" class=\"aligncenter size-full wp-image-72094\" title=\"Glas Inicijative za REKOM\" src=\"http:\/\/www.pcnen.com\/portal\/wp-content\/uploads\/2012\/01\/Glas-Inicijative-za-REKOM.jpg\" alt=\"\" width=\"300\" height=\"235\" \/><\/a><\/p>\n","protected":false},"excerpt":{"rendered":"<p>Iz \u0161tampe je iza\u0161ao drugi broj Glasa, biltena Inicijative za REKOM.<\/p>\n","protected":false},"author":1,"featured_media":0,"comment_status":"open","ping_status":"closed","sticky":false,"template":"","format":"standard","meta":{"_seopress_robots_primary_cat":"","_seopress_titles_title":"","_seopress_titles_desc":"","_seopress_robots_index":"","_et_pb_use_builder":"","_et_pb_old_content":"","_et_gb_content_width":"","inline_featured_image":false,"footnotes":""},"categories":[10],"tags":[],"class_list":["post-72093","post","type-post","status-publish","format-standard","hentry","category-cuj-vidji-javi"],"_links":{"self":[{"href":"https:\/\/www.pcnen.com\/portal\/wp-json\/wp\/v2\/posts\/72093","targetHints":{"allow":["GET"]}}],"collection":[{"href":"https:\/\/www.pcnen.com\/portal\/wp-json\/wp\/v2\/posts"}],"about":[{"href":"https:\/\/www.pcnen.com\/portal\/wp-json\/wp\/v2\/types\/post"}],"author":[{"embeddable":true,"href":"https:\/\/www.pcnen.com\/portal\/wp-json\/wp\/v2\/users\/1"}],"replies":[{"embeddable":true,"href":"https:\/\/www.pcnen.com\/portal\/wp-json\/wp\/v2\/comments?post=72093"}],"version-history":[{"count":0,"href":"https:\/\/www.pcnen.com\/portal\/wp-json\/wp\/v2\/posts\/72093\/revisions"}],"wp:attachment":[{"href":"https:\/\/www.pcnen.com\/portal\/wp-json\/wp\/v2\/media?parent=72093"}],"wp:term":[{"taxonomy":"category","embeddable":true,"href":"https:\/\/www.pcnen.com\/portal\/wp-json\/wp\/v2\/categories?post=72093"},{"taxonomy":"post_tag","embeddable":true,"href":"https:\/\/www.pcnen.com\/portal\/wp-json\/wp\/v2\/tags?post=72093"}],"curies":[{"name":"wp","href":"https:\/\/api.w.org\/{rel}","templated":true}]}}