{"id":72086,"date":"2012-01-06T10:27:23","date_gmt":"2012-01-06T09:27:23","guid":{"rendered":"http:\/\/www.pcnen.com\/portal\/?p=72086"},"modified":"2012-01-06T10:27:24","modified_gmt":"2012-01-06T09:27:24","slug":"uhapsen-bivsi-nacelnik-turskog-generalstaba","status":"publish","type":"post","link":"https:\/\/www.pcnen.com\/portal\/2012\/01\/06\/uhapsen-bivsi-nacelnik-turskog-generalstaba\/","title":{"rendered":"Uhap\u0161en biv\u0161i na\u010delnik turskog general\u0161taba"},"content":{"rendered":"<p>Ilker Basbug, biv\u0161i na\u010delnik turskog general\u0161taba, pritvoren je do su\u0111enja, pod sumnjom da je poku\u0161ao da obori sada\u0161nju vladu koja ima islamisti\u010dke korijene, prenosi Tanjug.<\/p>\n<p>To je dosad najvi\u0161i turski oficir koji se na\u0161ao u zatvoru pod sumnjom da je u\u010destvovao u zavjeri protiv sada\u0161njeg premijera Tajipa Erdogana.<\/p>\n<p>Hap\u0161enje je uslijedilo poslije vi\u0161e\u010dasovnog saslu\u0161anja zbog navodnog organizovanja &#8220;teroristi\u010dke organizacije&#8221; koja je imala za cilj da diskredituje sada\u0161nju vladu, predsjednika i premijera.<\/p>\n<p>U Turskoj je, prije dvije godine, po\u010deo sudski obra\u010dun sa armijskim vrhom i u toj kampanju je dosad pokrenuta istraga protiv nekoliko stotina visokih oficira koji su, navodno, pripremali vojni udar kako bi smijenili premijera Erdogana koga optu\u017euju da poku\u0161ava da vrati zemlju u \u0161erijat.<\/p>\n<p>U toj zavjeri, u Turskoj poznatoj pod mitskim nazivom <em>Ergenikon<\/em>, pored aktivnih i penzionisanih oficira, u\u010destvovali su, navodno, i novinari, advokati, akademici, poslovni ljudi i ekstremni nacionalisti.<\/p>\n<p>General Basbug, koji je penzionisan 2010. godine, tokom ju\u010dera\u0161njeg saslu\u0161anja je odbacio optu\u017ebe.<\/p>\n","protected":false},"excerpt":{"rendered":"<p>Ilker Basbug, biv\u0161i na\u010delnik turskog general\u0161taba, pritvoren je do su\u0111enja, pod sumnjom da je poku\u0161ao da obori sada\u0161nju vladu koja ima islamisti\u010dke korijene, prenosi Tanjug. To je dosad najvi\u0161i turski oficir koji se na\u0161ao u zatvoru pod sumnjom da je u\u010destvovao u zavjeri protiv sada\u0161njeg premijera Tajipa Erdogana. Hap\u0161enje je uslijedilo poslije vi\u0161e\u010dasovnog saslu\u0161anja zbog [&hellip;]<\/p>\n","protected":false},"author":1,"featured_media":0,"comment_status":"open","ping_status":"closed","sticky":false,"template":"","format":"standard","meta":{"_seopress_robots_primary_cat":"","_seopress_titles_title":"","_seopress_titles_desc":"","_seopress_robots_index":"","_et_pb_use_builder":"","_et_pb_old_content":"","_et_gb_content_width":"","inline_featured_image":false,"footnotes":""},"categories":[14],"tags":[],"class_list":["post-72086","post","type-post","status-publish","format-standard","hentry","category-vijesti"],"_links":{"self":[{"href":"https:\/\/www.pcnen.com\/portal\/wp-json\/wp\/v2\/posts\/72086","targetHints":{"allow":["GET"]}}],"collection":[{"href":"https:\/\/www.pcnen.com\/portal\/wp-json\/wp\/v2\/posts"}],"about":[{"href":"https:\/\/www.pcnen.com\/portal\/wp-json\/wp\/v2\/types\/post"}],"author":[{"embeddable":true,"href":"https:\/\/www.pcnen.com\/portal\/wp-json\/wp\/v2\/users\/1"}],"replies":[{"embeddable":true,"href":"https:\/\/www.pcnen.com\/portal\/wp-json\/wp\/v2\/comments?post=72086"}],"version-history":[{"count":0,"href":"https:\/\/www.pcnen.com\/portal\/wp-json\/wp\/v2\/posts\/72086\/revisions"}],"wp:attachment":[{"href":"https:\/\/www.pcnen.com\/portal\/wp-json\/wp\/v2\/media?parent=72086"}],"wp:term":[{"taxonomy":"category","embeddable":true,"href":"https:\/\/www.pcnen.com\/portal\/wp-json\/wp\/v2\/categories?post=72086"},{"taxonomy":"post_tag","embeddable":true,"href":"https:\/\/www.pcnen.com\/portal\/wp-json\/wp\/v2\/tags?post=72086"}],"curies":[{"name":"wp","href":"https:\/\/api.w.org\/{rel}","templated":true}]}}